{"id":11831,"date":"2024-11-29T09:46:07","date_gmt":"2024-11-29T09:46:07","guid":{"rendered":"https:\/\/247stiri.ro\/index.php\/2024\/11\/29\/impact-devastator-la-iesirea-din-cugir-doua-persoane-au-ramas-incarcerate\/"},"modified":"2024-11-29T09:46:07","modified_gmt":"2024-11-29T09:46:07","slug":"impact-devastator-la-iesirea-din-cugir-doua-persoane-au-ramas-incarcerate","status":"publish","type":"post","link":"https:\/\/247stiri.ro\/index.php\/2024\/11\/29\/impact-devastator-la-iesirea-din-cugir-doua-persoane-au-ramas-incarcerate\/","title":{"rendered":"Impact devastator la ie\u0219irea din Cugir: dou\u0103 persoane au r\u0103mas \u00eencarcerate"},"content":{"rendered":"<p>Potrivit purt\u0103torului de cuv\u00e2nt al Inspectoratului pentru Situa\u0163ii de Urgen\u0163\u0103 (ISU) Alba, Alex Cri\u015fan, Sec\u0163ia de pompieri Sebe\u015f a intervenit pentru acordare prim ajutor medical \u015fi descarcerare la un accident rutier produs \u00een Cugir, \u00een care au fost implicate dou\u0103 autoturisme \u00een care se aflau patru persoane.<\/p>\n<p><a href=\"https:\/\/www.realitatea.net\/stiri\/actual\/barbat-de-56-de-ani-mort-intrun-accident-in-capitala-langa-trecerea-de-pietoni_6748e9329f5c0b28cf774682\" target=\"_blank\">B\u0103rbat de 56 de ani, mort \u00eentr-un accident \u00een Capital\u0103 l\u00e2ng\u0103 trecerea de pietoni<\/a><\/p>\n<p>Dintre cele patru persoane, dou\u0103 erau &#8222;\u00eencarcerate, con\u015ftiente, cooperante&#8221;, a men\u0163ionat reprezentantul ISU Alba.<\/p>\n<p>&#8222;Toate persoanele au fost descarcerate din autoturism \u015fi predate echipajelor medicale pentru evaluare (con\u015ftiente) \u015fi ulterior transportate la spital&#8221;, a precizat Alex Cri\u015fan.<\/p>\n<p>Potrivit Poli\u0163iei, traficul rutier la ie\u015firea din ora\u015ful Cugir spre Vinerea s-a desf\u0103\u015furat \u00eengreunat \u00een urma accidentului.\u00a0<\/p>","protected":false},"excerpt":{"rendered":"<p>Potrivit purt\u0103torului de cuv\u00e2nt al Inspectoratului pentru Situa\u0163ii de Urgen\u0163\u0103 (ISU) Alba, Alex Cri\u015fan, Sec\u0163ia&hellip;<\/p>\n","protected":false},"author":0,"featured_media":11832,"comment_status":"open","ping_status":"open","sticky":false,"template":"","format":"standard","meta":{"footnotes":""},"categories":[2],"tags":[],"class_list":["post-11831","post","type-post","status-publish","format-standard","has-post-thumbnail","hentry","category-actual"],"_links":{"self":[{"href":"https:\/\/247stiri.ro\/index.php\/wp-json\/wp\/v2\/posts\/11831","targetHints":{"allow":["GET"]}}],"collection":[{"href":"https:\/\/247stiri.ro\/index.php\/wp-json\/wp\/v2\/posts"}],"about":[{"href":"https:\/\/247stiri.ro\/index.php\/wp-json\/wp\/v2\/types\/post"}],"replies":[{"embeddable":true,"href":"https:\/\/247stiri.ro\/index.php\/wp-json\/wp\/v2\/comments?post=11831"}],"version-history":[{"count":0,"href":"https:\/\/247stiri.ro\/index.php\/wp-json\/wp\/v2\/posts\/11831\/revisions"}],"wp:featuredmedia":[{"embeddable":true,"href":"https:\/\/247stiri.ro\/index.php\/wp-json\/wp\/v2\/media\/11832"}],"wp:attachment":[{"href":"https:\/\/247stiri.ro\/index.php\/wp-json\/wp\/v2\/media?parent=11831"}],"wp:term":[{"taxonomy":"category","embeddable":true,"href":"https:\/\/247stiri.ro\/index.php\/wp-json\/wp\/v2\/categories?post=11831"},{"taxonomy":"post_tag","embeddable":true,"href":"https:\/\/247stiri.ro\/index.php\/wp-json\/wp\/v2\/tags?post=11831"}],"curies":[{"name":"wp","href":"https:\/\/api.w.org\/{rel}","templated":true}]}}