{"id":11833,"date":"2024-11-29T09:46:07","date_gmt":"2024-11-29T09:46:07","guid":{"rendered":"https:\/\/247stiri.ro\/index.php\/2024\/11\/29\/infractiuni-in-lant-comise-de-un-barbat-de-67-de-ani-din-dolj-politia-l-a-retinut-dupa-ce-si-a-agresat-si-si-a-amenintat-sotia\/"},"modified":"2024-11-29T09:46:07","modified_gmt":"2024-11-29T09:46:07","slug":"infractiuni-in-lant-comise-de-un-barbat-de-67-de-ani-din-dolj-politia-l-a-retinut-dupa-ce-si-a-agresat-si-si-a-amenintat-sotia","status":"publish","type":"post","link":"https:\/\/247stiri.ro\/index.php\/2024\/11\/29\/infractiuni-in-lant-comise-de-un-barbat-de-67-de-ani-din-dolj-politia-l-a-retinut-dupa-ce-si-a-agresat-si-si-a-amenintat-sotia\/","title":{"rendered":"Infrac\u021biuni \u00een lan\u021b, comise de un b\u0103rbat de 67 de ani, din Dolj. Poli\u021bia l-a re\u021binut dup\u0103 ce \u015fi-a agresat \u015fi \u015fi-a amenin\u0163at so\u0163ia"},"content":{"rendered":"<p>Reprezentan\u0163ii Inspectoratului de Poli\u0163ie Jude\u0163ean Dolj au anun\u0163at, vineri, c\u0103 un b\u0103rbat de 67 de ani din comuna Rob\u0103ne\u015fti este cercetat pentru amenin\u0163are \u015fi \u00eenc\u0103lcarea m\u0103surilor dispuse prin ordinul de protec\u0163ie provizoriu.<\/p>\n<p>\u201d\u00cen fapt, \u00een cursul zilei de 28 noiembrie, ora 13.30, poli\u0163i\u015ftii au fost sesiza\u0163i de o femeie, de 63 de ani, din comuna Rob\u0103ne\u015fti, cu privire la faptul c\u0103 a fost agresat\u0103 \u015fi amenin\u0163at\u0103 de so\u0163ul s\u0103u, un b\u0103rbat, de 67 de ani, din localitate. Pe numele b\u0103rbatului a fost \u00eentocmit dosar penal sub aspectul s\u0103v\u00e2r\u015firii infrac\u0163iunilor de violen\u0163\u0103 \u00een familie \u015fi amenin\u0163are, fiind emis ordin de protec\u0163ie provizoriu pentru o perioad\u0103 de cinci zile\u201d, au transmis poli\u0163i\u015ftii.<\/p>\n<p>Dup\u0103 c\u00e2teva ore, poli\u0163istii au fost sesiza\u0163i din nou de femeie, despre faptul c\u0103 b\u0103rbatul a venit la locuin\u0163a acesteia \u015fi a amenin\u0163at-o din nou.<\/p>\n<p>Pe numele s\u0103u a fost deschis dosar penal pentru amenin\u0163are \u015fi \u00eenc\u0103lcarea m\u0103surilor dispuse prin ordinul de protec\u0163ie provizoriu.<\/p>\n<p>B\u0103rbatul a fost re\u0163inut pentru 24 de ore \u015fi dus \u00een Centrul de Re\u0163inere \u015fi Arestare Preventiv\u0103 din cadrul Inspectoratului de Poli\u0163ie Jude\u0163ean Dolj.<\/p>","protected":false},"excerpt":{"rendered":"<p>Reprezentan\u0163ii Inspectoratului de Poli\u0163ie Jude\u0163ean Dolj au anun\u0163at, vineri, c\u0103 un b\u0103rbat de 67 de&hellip;<\/p>\n","protected":false},"author":0,"featured_media":11834,"comment_status":"open","ping_status":"open","sticky":false,"template":"","format":"standard","meta":{"footnotes":""},"categories":[2],"tags":[],"class_list":["post-11833","post","type-post","status-publish","format-standard","has-post-thumbnail","hentry","category-actual"],"_links":{"self":[{"href":"https:\/\/247stiri.ro\/index.php\/wp-json\/wp\/v2\/posts\/11833","targetHints":{"allow":["GET"]}}],"collection":[{"href":"https:\/\/247stiri.ro\/index.php\/wp-json\/wp\/v2\/posts"}],"about":[{"href":"https:\/\/247stiri.ro\/index.php\/wp-json\/wp\/v2\/types\/post"}],"replies":[{"embeddable":true,"href":"https:\/\/247stiri.ro\/index.php\/wp-json\/wp\/v2\/comments?post=11833"}],"version-history":[{"count":0,"href":"https:\/\/247stiri.ro\/index.php\/wp-json\/wp\/v2\/posts\/11833\/revisions"}],"wp:featuredmedia":[{"embeddable":true,"href":"https:\/\/247stiri.ro\/index.php\/wp-json\/wp\/v2\/media\/11834"}],"wp:attachment":[{"href":"https:\/\/247stiri.ro\/index.php\/wp-json\/wp\/v2\/media?parent=11833"}],"wp:term":[{"taxonomy":"category","embeddable":true,"href":"https:\/\/247stiri.ro\/index.php\/wp-json\/wp\/v2\/categories?post=11833"},{"taxonomy":"post_tag","embeddable":true,"href":"https:\/\/247stiri.ro\/index.php\/wp-json\/wp\/v2\/tags?post=11833"}],"curies":[{"name":"wp","href":"https:\/\/api.w.org\/{rel}","templated":true}]}}