{"id":1184,"date":"2024-10-23T11:44:49","date_gmt":"2024-10-23T11:44:49","guid":{"rendered":"https:\/\/247stiri.ro\/index.php\/2024\/10\/23\/scandal-ca-in-vestul-salbatic-pe-o-strada-din-galati-agresorii-au-folosit-obiecte-ascutite-si-bate-doua-persoane-au-ajuns-la-spital\/"},"modified":"2024-10-23T11:44:49","modified_gmt":"2024-10-23T11:44:49","slug":"scandal-ca-in-vestul-salbatic-pe-o-strada-din-galati-agresorii-au-folosit-obiecte-ascutite-si-bate-doua-persoane-au-ajuns-la-spital","status":"publish","type":"post","link":"https:\/\/247stiri.ro\/index.php\/2024\/10\/23\/scandal-ca-in-vestul-salbatic-pe-o-strada-din-galati-agresorii-au-folosit-obiecte-ascutite-si-bate-doua-persoane-au-ajuns-la-spital\/","title":{"rendered":"Scandal ca \u00een Vestul S\u0103lbatic pe o strad\u0103 din Gala\u021bi: agresorii au folosit obiecte ascu\u0163ite \u015fi b\u00e2te. Dou\u0103 persoane au ajuns la spital"},"content":{"rendered":"<p>\u201dLa data de 22 octombrie 2024, \u00een jurul orei 19:40, Inspectoratul de Poli\u0163ie Jude\u0163ean Gala\u0163i a fost sesizat, prin apel telefonic la S.N.U.A.U. 112, cu privire la faptul c\u0103 \u00een zona Bariera Traian, din municipiul Gala\u0163i, are loc o alterca\u0163ie \u00eentre mai multe persoane. \u00cen baza sesiz\u0103rii, la fa\u0163a locului s-au deplasat poli\u0163i\u015fti din cadrul Sec\u0163iei 5 Poli\u0163ie Gala\u0163i care, din verific\u0103rile preliminare efectuate, au stabilit c\u0103, pe fondul unor ne\u00een\u0163elegeri cu privire la documentele unui imobil, 3 b\u0103rba\u0163i, rude \u00eentre ei, de 17, 35 \u015fi 36 de ani, to\u0163i din aceea\u015fi localitate, s-ar fi agresat reciproc, folosind diverse obiecte contondente \u015fi t\u0103ietor-\u00een\u0163ep\u0103toare\u201d, a transmis, miercuri, IPJ Gala\u0163i.<\/p>\n<p>\u00cen urma conflictului, adolescentul de 17 ani \u015fi b\u0103rbatul de 36 de ani au fost r\u0103ni\u0163i, fiind transporta\u0163i la spital, \u00een vederea acord\u0103rii de \u00eengrijiri medicale.<\/p>\n<p>\u201dDe asemenea, \u00een contextul actelor de violen\u0163\u0103, un autoturism parcat \u00een vecin\u0103tate a fost avariat. \u00cen cauz\u0103, a fost deschis un dosar penal pentru s\u0103v\u00e2r\u015firea infrac\u0163iunilor de lovirea sau alte violen\u0163e, distrugere \u015fi tulburarea ordinii \u015fi lini\u015ftii publice. De asemenea, \u00een vederea prevenirii unor noi fapte similare, au fost mobilizate for\u0163e suplimentare din cadrul Poli\u0163iei Municipiului Gala\u0163i, de la Sec\u0163iile 1-5 Poli\u0163ie Urban\u0103, lupt\u0103tori ai Serviciului pentru Ac\u0163iuni Speciale Gala\u0163i \u015fi jandarmi din cadrul Inspectoratului Jude\u0163ean de Jandarmi Gala\u0163i\u201d, a mai transmis sursa citat\u0103.<\/p>\n<p>Anchetatorii \u00eencearc\u0103 s\u0103 identifice toate persoanele care au luat parte la conflict.<\/p>","protected":false},"excerpt":{"rendered":"<p>\u201dLa data de 22 octombrie 2024, \u00een jurul orei 19:40, Inspectoratul de Poli\u0163ie Jude\u0163ean Gala\u0163i&hellip;<\/p>\n","protected":false},"author":0,"featured_media":1185,"comment_status":"open","ping_status":"open","sticky":false,"template":"","format":"standard","meta":{"footnotes":""},"categories":[2],"tags":[],"class_list":["post-1184","post","type-post","status-publish","format-standard","has-post-thumbnail","hentry","category-actual"],"_links":{"self":[{"href":"https:\/\/247stiri.ro\/index.php\/wp-json\/wp\/v2\/posts\/1184","targetHints":{"allow":["GET"]}}],"collection":[{"href":"https:\/\/247stiri.ro\/index.php\/wp-json\/wp\/v2\/posts"}],"about":[{"href":"https:\/\/247stiri.ro\/index.php\/wp-json\/wp\/v2\/types\/post"}],"replies":[{"embeddable":true,"href":"https:\/\/247stiri.ro\/index.php\/wp-json\/wp\/v2\/comments?post=1184"}],"version-history":[{"count":0,"href":"https:\/\/247stiri.ro\/index.php\/wp-json\/wp\/v2\/posts\/1184\/revisions"}],"wp:featuredmedia":[{"embeddable":true,"href":"https:\/\/247stiri.ro\/index.php\/wp-json\/wp\/v2\/media\/1185"}],"wp:attachment":[{"href":"https:\/\/247stiri.ro\/index.php\/wp-json\/wp\/v2\/media?parent=1184"}],"wp:term":[{"taxonomy":"category","embeddable":true,"href":"https:\/\/247stiri.ro\/index.php\/wp-json\/wp\/v2\/categories?post=1184"},{"taxonomy":"post_tag","embeddable":true,"href":"https:\/\/247stiri.ro\/index.php\/wp-json\/wp\/v2\/tags?post=1184"}],"curies":[{"name":"wp","href":"https:\/\/api.w.org\/{rel}","templated":true}]}}