{"id":11842,"date":"2024-11-29T10:45:25","date_gmt":"2024-11-29T10:45:25","guid":{"rendered":"https:\/\/247stiri.ro\/index.php\/2024\/11\/29\/cine-plateste-ca-sa-l-denigreze-pe-calin-georgescu-candidatul-independent-la-presedintie-se-dezice-de-cei-care-fac-apel-in-mediul-online-in-numele-sau\/"},"modified":"2024-11-29T10:45:25","modified_gmt":"2024-11-29T10:45:25","slug":"cine-plateste-ca-sa-l-denigreze-pe-calin-georgescu-candidatul-independent-la-presedintie-se-dezice-de-cei-care-fac-apel-in-mediul-online-in-numele-sau","status":"publish","type":"post","link":"https:\/\/247stiri.ro\/index.php\/2024\/11\/29\/cine-plateste-ca-sa-l-denigreze-pe-calin-georgescu-candidatul-independent-la-presedintie-se-dezice-de-cei-care-fac-apel-in-mediul-online-in-numele-sau\/","title":{"rendered":"Cine PL\u0102TE\u0218TE ca s\u0103-l denigreze pe C\u0103lin Georgescu? Candidatul independent la Pre\u0219edin\u021bie se dezice de cei care fac apel \u00een mediul online, \u00een numele s\u0103u"},"content":{"rendered":"<p>&#8222;Dorim s\u0103 v\u0103 inform\u0103m c\u0103 dl. C\u0103lin Georgescu \u0219i echipa de comunicare ne dezicem total de mailurile sau spam-urile ap\u0103rute \u00een ultima perioad\u0103. Nu exist\u0103 alt grup de pres\u0103, nu am mai creat un altul tocmai ca m\u0103sur\u0103 de precau\u021bie \u0219i ne dezicem de orice alt comunicat care vine din partea vreunui partid, asocia\u021bie, \u201cechip\u0103\u201d, etc.<\/p>\n<p>\u00cen acest moment este evident faptul c\u0103 diverse persoane \u00eencearc\u0103 s\u0103-\u0219i capitalizeze imaginea printr-o asociere nefondat\u0103 cu dl. C\u0103lin Georgescu. Vom ata\u0219a acestui comunicat \u0219i imagini pe care v\u0103 rug\u0103m s\u0103 le face\u021bi publice \u00een a\u0219a fel \u00eenc\u00e2t oamenii s\u0103 nu fie indu\u0219i \u00een eroare de ceea ce circul\u0103 \u00een prezent \u00een mediul on-line. V\u0103 mul\u021bumim!&#8221;, se arat\u0103 \u00een comunicatul citat.\u00a0<\/p>\n<p>Reac\u021bia lui C\u0103lin Georgescu vine dup\u0103 ce \u00een spa\u021biul public au ap\u0103rut mai multe mesaje. \u00centr-unul dintre ele, o persoan\u0103 face un apel printr-un mesaj transmis pe re\u021belele de socializare c\u0103, dac\u0103 oamenii \u00eel sus\u021bin pe C\u0103lin Georgescu \u0219i pun un video la dipozi\u021bie, atunci ar fi dispu\u0219i s\u0103 fie pl\u0103ti\u021bi pentru aceast\u0103 promovare.\u00a0\u00a0<\/p>\n<p><a href=\"https:\/\/www.realitatea.net\/stiri\/politica\/curtea-constitutionala-dezbate-astazi-cererile-de-anulare-a-primului-tur-al-alegerilor-prezidentiale_6748008add6deb04b957cc12\" target=\"_blank\">CCR a cerut RENUM\u0102RAREA \u0219i reverificarea TUTUROR voturilor din turul 1<\/a><\/p>","protected":false},"excerpt":{"rendered":"<p>&#8222;Dorim s\u0103 v\u0103 inform\u0103m c\u0103 dl. C\u0103lin Georgescu \u0219i echipa de comunicare ne dezicem total&hellip;<\/p>\n","protected":false},"author":0,"featured_media":11843,"comment_status":"open","ping_status":"open","sticky":false,"template":"","format":"standard","meta":{"footnotes":""},"categories":[3],"tags":[],"class_list":["post-11842","post","type-post","status-publish","format-standard","has-post-thumbnail","hentry","category-politica"],"_links":{"self":[{"href":"https:\/\/247stiri.ro\/index.php\/wp-json\/wp\/v2\/posts\/11842","targetHints":{"allow":["GET"]}}],"collection":[{"href":"https:\/\/247stiri.ro\/index.php\/wp-json\/wp\/v2\/posts"}],"about":[{"href":"https:\/\/247stiri.ro\/index.php\/wp-json\/wp\/v2\/types\/post"}],"replies":[{"embeddable":true,"href":"https:\/\/247stiri.ro\/index.php\/wp-json\/wp\/v2\/comments?post=11842"}],"version-history":[{"count":0,"href":"https:\/\/247stiri.ro\/index.php\/wp-json\/wp\/v2\/posts\/11842\/revisions"}],"wp:featuredmedia":[{"embeddable":true,"href":"https:\/\/247stiri.ro\/index.php\/wp-json\/wp\/v2\/media\/11843"}],"wp:attachment":[{"href":"https:\/\/247stiri.ro\/index.php\/wp-json\/wp\/v2\/media?parent=11842"}],"wp:term":[{"taxonomy":"category","embeddable":true,"href":"https:\/\/247stiri.ro\/index.php\/wp-json\/wp\/v2\/categories?post=11842"},{"taxonomy":"post_tag","embeddable":true,"href":"https:\/\/247stiri.ro\/index.php\/wp-json\/wp\/v2\/tags?post=11842"}],"curies":[{"name":"wp","href":"https:\/\/api.w.org\/{rel}","templated":true}]}}