{"id":11849,"date":"2024-11-29T10:45:27","date_gmt":"2024-11-29T10:45:27","guid":{"rendered":"https:\/\/247stiri.ro\/index.php\/2024\/11\/29\/viktor-orban-mesaj-ciudat-despre-alegerile-din-romania-este-un-experiment-se-intampla-ceva-foarte-interesant\/"},"modified":"2024-11-29T10:45:27","modified_gmt":"2024-11-29T10:45:27","slug":"viktor-orban-mesaj-ciudat-despre-alegerile-din-romania-este-un-experiment-se-intampla-ceva-foarte-interesant","status":"publish","type":"post","link":"https:\/\/247stiri.ro\/index.php\/2024\/11\/29\/viktor-orban-mesaj-ciudat-despre-alegerile-din-romania-este-un-experiment-se-intampla-ceva-foarte-interesant\/","title":{"rendered":"Viktor Orban, mesaj ciudat despre alegerile din Rom\u00e2nia:  Este un experiment. Se \u00eent\u00e2mpl\u0103 ceva foarte interesant!"},"content":{"rendered":"<p>\u201eS-a \u00eent\u00e2mplat acolo ceva foarte interesant la preziden\u021biale, deja Curtea Constitu\u021bional\u0103 se ocup\u0103 de acest caz. (&#8230;) Acest fenomen de care vorbesc este \u00eent\u00e2lnirea tehnologiei moderne cu aleg\u0103torii. Ce instrumente electronice, TikTok \u0219i cine \u0219tie ce alte platforme se pot sau nu se pot folosi, ce reglement\u0103ri sunt, cum influen\u021beaz\u0103 oamenii&#8230; Dac\u0103 \u00eei influen\u021beaz\u0103, atunci poate fi un pretext pentru a le anula decizia\u201d, a spus Orban la un post de radio maghiar, potrivit Mediafax.<\/p>\n<p>Problem\u0103 care ar putea s\u0103 apar\u0103 \u0219i \u00een Ungaria<\/p>\n<p>Premierul maghiar a ad\u0103ugat c\u0103 este posibil ca aceea\u0219i problem\u0103 s\u0103 apar\u0103 \u0219i \u00een Ungaria, la un moment dat. El a spus c\u0103 vede alegerile din Rom\u00e2nia ca pe un \u201eexperiment\u201d care \u00eei va ajuta s\u0103 evite incidentele similare, dac\u0103 acestea vor avea loc \u00een \u021bara sa.<\/p>\n<p>\u201eSuntem recunosc\u0103tori rom\u00e2nilor c\u0103, practic, ca \u00eentr-un laborator, o vedem ca pe un experiment, iar noi, tr\u0103g\u00e2nd concluziile, vom vedea dac\u0103 avem sarcini pentru evitarea unor probleme similare aici, \u00een Ungaria\u201d, a spus Orban.<\/p>","protected":false},"excerpt":{"rendered":"<p>\u201eS-a \u00eent\u00e2mplat acolo ceva foarte interesant la preziden\u021biale, deja Curtea Constitu\u021bional\u0103 se ocup\u0103 de acest&hellip;<\/p>\n","protected":false},"author":0,"featured_media":11845,"comment_status":"open","ping_status":"open","sticky":false,"template":"","format":"standard","meta":{"footnotes":""},"categories":[2],"tags":[],"class_list":["post-11849","post","type-post","status-publish","format-standard","has-post-thumbnail","hentry","category-actual"],"_links":{"self":[{"href":"https:\/\/247stiri.ro\/index.php\/wp-json\/wp\/v2\/posts\/11849","targetHints":{"allow":["GET"]}}],"collection":[{"href":"https:\/\/247stiri.ro\/index.php\/wp-json\/wp\/v2\/posts"}],"about":[{"href":"https:\/\/247stiri.ro\/index.php\/wp-json\/wp\/v2\/types\/post"}],"replies":[{"embeddable":true,"href":"https:\/\/247stiri.ro\/index.php\/wp-json\/wp\/v2\/comments?post=11849"}],"version-history":[{"count":0,"href":"https:\/\/247stiri.ro\/index.php\/wp-json\/wp\/v2\/posts\/11849\/revisions"}],"wp:featuredmedia":[{"embeddable":true,"href":"https:\/\/247stiri.ro\/index.php\/wp-json\/wp\/v2\/media\/11845"}],"wp:attachment":[{"href":"https:\/\/247stiri.ro\/index.php\/wp-json\/wp\/v2\/media?parent=11849"}],"wp:term":[{"taxonomy":"category","embeddable":true,"href":"https:\/\/247stiri.ro\/index.php\/wp-json\/wp\/v2\/categories?post=11849"},{"taxonomy":"post_tag","embeddable":true,"href":"https:\/\/247stiri.ro\/index.php\/wp-json\/wp\/v2\/tags?post=11849"}],"curies":[{"name":"wp","href":"https:\/\/api.w.org\/{rel}","templated":true}]}}