{"id":11863,"date":"2024-11-29T11:45:00","date_gmt":"2024-11-29T11:45:00","guid":{"rendered":"https:\/\/247stiri.ro\/index.php\/2024\/11\/29\/ciolacu-intalnire-cruciala-pentru-pensiile-miltarilor-rezervisti-ce-decizie-cruciala-s-a-luat-la-palatul-victoria\/"},"modified":"2024-11-29T11:45:00","modified_gmt":"2024-11-29T11:45:00","slug":"ciolacu-intalnire-cruciala-pentru-pensiile-miltarilor-rezervisti-ce-decizie-cruciala-s-a-luat-la-palatul-victoria","status":"publish","type":"post","link":"https:\/\/247stiri.ro\/index.php\/2024\/11\/29\/ciolacu-intalnire-cruciala-pentru-pensiile-miltarilor-rezervisti-ce-decizie-cruciala-s-a-luat-la-palatul-victoria\/","title":{"rendered":"Ciolacu, \u00eent\u00e2lnire crucial\u0103 pentru pensiile miltarilor rezervi\u0219ti. Ce decizie crucial\u0103 s-a luat la Palatul Victoria?"},"content":{"rendered":"<p>Marcel Ciolacu s-a \u00eent\u00e2lnit cu o serie de reprezentan\u021bi ai militarilor rezervi\u0219ti care protesteaz\u0103 pentru indexarea pensiilor \u00een func\u021bie de solda de grad.<\/p>\n<p><a title=\"Legea pensiilor militare a fost contestata de Avocatul Poporului la Curtea Constitutionala a Romaniei\" href=\"https:\/\/www.realitatea.net\/stiri\/actual\/legea-pensiilor-militare-a-fost-contestata-de-avocatul-poporului-la-curtea-constitutionala-a-romaniei_672cb148f5832314334a00c9\">Legea pensiilor militare a fost contestat\u0103 de Avocatul Poporului la Curtea Constitu\u021bional\u0103 a Rom\u00e2niei<\/a><\/p>\n<p>Premierul a promis c\u0103 p\u00e2n\u0103 pe 2 decembrie va transmite c\u0103tre CCR un punct de vedere din partea guvernului, prin care s\u0103 atace obiec\u021bia formulat\u0103 de Avocatul Poporului, privind neconstitu\u021bionalitatea legii care ar permite aceast\u0103 indexare.<\/p>\n<p>Ciolacu i-a invitat pe rezervi\u0219ti s\u0103 revin\u0103 la Guvern \u00een ziua de 2 decembrie, pentru a lucra la un proiect de ordonan\u021b\u0103 \u00een acest sens, care s\u0103 fie promovat de guvern \u00een care CCR va respinge punctul de vedere al Guvernului, potrivit Realitatea Plus.<\/p>","protected":false},"excerpt":{"rendered":"<p>Marcel Ciolacu s-a \u00eent\u00e2lnit cu o serie de reprezentan\u021bi ai militarilor rezervi\u0219ti care protesteaz\u0103 pentru&hellip;<\/p>\n","protected":false},"author":0,"featured_media":11860,"comment_status":"open","ping_status":"open","sticky":false,"template":"","format":"standard","meta":{"footnotes":""},"categories":[2],"tags":[],"class_list":["post-11863","post","type-post","status-publish","format-standard","has-post-thumbnail","hentry","category-actual"],"_links":{"self":[{"href":"https:\/\/247stiri.ro\/index.php\/wp-json\/wp\/v2\/posts\/11863","targetHints":{"allow":["GET"]}}],"collection":[{"href":"https:\/\/247stiri.ro\/index.php\/wp-json\/wp\/v2\/posts"}],"about":[{"href":"https:\/\/247stiri.ro\/index.php\/wp-json\/wp\/v2\/types\/post"}],"replies":[{"embeddable":true,"href":"https:\/\/247stiri.ro\/index.php\/wp-json\/wp\/v2\/comments?post=11863"}],"version-history":[{"count":0,"href":"https:\/\/247stiri.ro\/index.php\/wp-json\/wp\/v2\/posts\/11863\/revisions"}],"wp:featuredmedia":[{"embeddable":true,"href":"https:\/\/247stiri.ro\/index.php\/wp-json\/wp\/v2\/media\/11860"}],"wp:attachment":[{"href":"https:\/\/247stiri.ro\/index.php\/wp-json\/wp\/v2\/media?parent=11863"}],"wp:term":[{"taxonomy":"category","embeddable":true,"href":"https:\/\/247stiri.ro\/index.php\/wp-json\/wp\/v2\/categories?post=11863"},{"taxonomy":"post_tag","embeddable":true,"href":"https:\/\/247stiri.ro\/index.php\/wp-json\/wp\/v2\/tags?post=11863"}],"curies":[{"name":"wp","href":"https:\/\/api.w.org\/{rel}","templated":true}]}}