{"id":11868,"date":"2024-11-29T12:45:09","date_gmt":"2024-11-29T12:45:09","guid":{"rendered":"https:\/\/247stiri.ro\/index.php\/2024\/11\/29\/iohannis-a-decorat-o-pe-kathleen-ann-kavalec-ambasadorul-sua-la-bucuresti-cu-ordinul-national-steaua-romaniei-in-grad-de-mare-cruce\/"},"modified":"2024-11-29T12:45:09","modified_gmt":"2024-11-29T12:45:09","slug":"iohannis-a-decorat-o-pe-kathleen-ann-kavalec-ambasadorul-sua-la-bucuresti-cu-ordinul-national-steaua-romaniei-in-grad-de-mare-cruce","status":"publish","type":"post","link":"https:\/\/247stiri.ro\/index.php\/2024\/11\/29\/iohannis-a-decorat-o-pe-kathleen-ann-kavalec-ambasadorul-sua-la-bucuresti-cu-ordinul-national-steaua-romaniei-in-grad-de-mare-cruce\/","title":{"rendered":"Iohannis a decorat-o pe Kathleen Ann Kavalec, ambasadorul SUA la Bucure\u015fti, cu Ordinul Na\u0163ional \u201eSteaua Rom\u00e2niei\u201d \u00een grad de Mare Cruce"},"content":{"rendered":"<p>Administra\u0163ia Preziden\u0163ial\u0103 a anun\u0163at c\u0103 pre\u015fedintele Rom\u00e2niei, Klaus Iohannis, a semnat vineri, decretul de decorare a Excelen\u0163ei Sale doamna Kathleen Ann Kavalec, Ambasadorul Statelor Unite ale Americii la Bucure\u015fti.<\/p>\n<p>\u201dAstfel, \u00een semn de \u00eenalt\u0103 apreciere pentru contribu\u0163ia excep\u0163ional\u0103 avut\u0103 la dezvoltarea Parteneriatului Strategic dintre Rom\u00e2nia \u015fi Statele Unite ale Americii, Pre\u015fedintele Klaus Iohannis a conferit Ordinul Na\u0163ional \u201eSteaua Rom\u00e2niei\u201d \u00een grad de Mare Cruce Excelen\u0163ei Sale doamna Kathleen Ann Kavalec, Ambasadorul Statelor Unite ale Americii la Bucure\u015fti\u201d, se arat\u0103 \u00een comunicatul Pre\u0219edin\u021biei.\u00a0<\/p>","protected":false},"excerpt":{"rendered":"<p>Administra\u0163ia Preziden\u0163ial\u0103 a anun\u0163at c\u0103 pre\u015fedintele Rom\u00e2niei, Klaus Iohannis, a semnat vineri, decretul de decorare&hellip;<\/p>\n","protected":false},"author":0,"featured_media":11869,"comment_status":"open","ping_status":"open","sticky":false,"template":"","format":"standard","meta":{"footnotes":""},"categories":[3],"tags":[],"class_list":["post-11868","post","type-post","status-publish","format-standard","has-post-thumbnail","hentry","category-politica"],"_links":{"self":[{"href":"https:\/\/247stiri.ro\/index.php\/wp-json\/wp\/v2\/posts\/11868","targetHints":{"allow":["GET"]}}],"collection":[{"href":"https:\/\/247stiri.ro\/index.php\/wp-json\/wp\/v2\/posts"}],"about":[{"href":"https:\/\/247stiri.ro\/index.php\/wp-json\/wp\/v2\/types\/post"}],"replies":[{"embeddable":true,"href":"https:\/\/247stiri.ro\/index.php\/wp-json\/wp\/v2\/comments?post=11868"}],"version-history":[{"count":0,"href":"https:\/\/247stiri.ro\/index.php\/wp-json\/wp\/v2\/posts\/11868\/revisions"}],"wp:featuredmedia":[{"embeddable":true,"href":"https:\/\/247stiri.ro\/index.php\/wp-json\/wp\/v2\/media\/11869"}],"wp:attachment":[{"href":"https:\/\/247stiri.ro\/index.php\/wp-json\/wp\/v2\/media?parent=11868"}],"wp:term":[{"taxonomy":"category","embeddable":true,"href":"https:\/\/247stiri.ro\/index.php\/wp-json\/wp\/v2\/categories?post=11868"},{"taxonomy":"post_tag","embeddable":true,"href":"https:\/\/247stiri.ro\/index.php\/wp-json\/wp\/v2\/tags?post=11868"}],"curies":[{"name":"wp","href":"https:\/\/api.w.org\/{rel}","templated":true}]}}