{"id":1187,"date":"2024-10-23T11:44:49","date_gmt":"2024-10-23T11:44:49","guid":{"rendered":"https:\/\/247stiri.ro\/index.php\/2024\/10\/23\/iohannis-in-vizita-in-muntenegru-in-plin-scandal-politic-in-tara-e-un-moment-istoric-pentru-romania\/"},"modified":"2024-10-23T11:44:49","modified_gmt":"2024-10-23T11:44:49","slug":"iohannis-in-vizita-in-muntenegru-in-plin-scandal-politic-in-tara-e-un-moment-istoric-pentru-romania","status":"publish","type":"post","link":"https:\/\/247stiri.ro\/index.php\/2024\/10\/23\/iohannis-in-vizita-in-muntenegru-in-plin-scandal-politic-in-tara-e-un-moment-istoric-pentru-romania\/","title":{"rendered":"Iohannis, \u00een vizit\u0103 \u00een Muntenegru, \u00een plin scandal politic \u00een \u021bar\u0103: \u201eE un moment istoric pentru Rom\u00e2nia\u201d"},"content":{"rendered":"<p>\u201eM\u0103 bucur s\u0103 m\u0103 aflu ast\u0103zi la Cetinje, \u00een capitala istoric\u0103 a Muntenegrului \u2013 un simbol puternic al culturii, al spiritualit\u0103\u021bii, dar \u0219i al curajului poporului muntenegrean.Marc\u0103m, astfel, un moment de referin\u021b\u0103 \u00een istoria rela\u021biei noastre bilaterale &#8211; prima vizit\u0103 a unui Pre\u0219edinte al Rom\u00e2niei de la declararea independen\u021bei Muntenegrului, \u00een 2006.Domnule Pre\u0219edinte, v\u0103 mul\u021bumesc pentru primirea c\u0103lduroas\u0103 \u0219i prietenia pe care o purta\u021bi Rom\u00e2niei \u0219i rom\u00e2nilor!Ast\u0103zi am avut ample discu\u021bii privind parcursul european al Muntenegrului \u0219i sprijinul pe care Rom\u00e2nia \u00eel acord\u0103. \u00cempreun\u0103 cu domnul Pre\u0219edinte, am abordat \u0219i subiecte privind consolidarea rela\u021biei dintre statele noastre, \u00een plan bilateral \u0219i multilateral, precum \u0219i situa\u021bia securitate din regiune.Rom\u00e2nia sus\u021bine \u0219i va continua s\u0103 sus\u021bin\u0103 ferm procesul de extindere a Uniunii Europene cu partenerii din Balcanii de Vest \u0219i statele candidate din vecin\u0103tatea estic\u0103.Suntem convin\u0219i c\u0103 aceast\u0103 politic\u0103 este cea mai bun\u0103 investi\u021bie \u00een stabilitate, \u00een prosperitate \u0219i \u00een consolidarea democratic\u0103 a Europei.Muntenegru a f\u0103cut pa\u0219i importan\u021bi \u00een procesul de negociere \u0219i v\u0103 felicit pentru determinarea dumneavoastr\u0103. Ata\u0219amentul pentru valorile europene este vizibil \u0219i prin alinierea deplin\u0103 la politica extern\u0103 \u0219i de securitate comun\u0103 a Uniunii Europene. Ritmul alert al negocierilor de aderare va depinde de meritele proprii \u0219i de rezultatele reformelor pe care le implementa\u021bi, \u00een beneficiul cet\u0103\u021benilor muntenegreni.V\u0103 asigur c\u0103 sprijinul Rom\u00e2niei va continua, la fel \u0219i disponibilitatea noastr\u0103 de a oferi expertiz\u0103 relevant\u0103 Muntenegrului, acolo unde este nevoie.\u00cen plan bilateral, am reconfirmat voin\u021ba comun\u0103 de a contribui la impulsionarea cooper\u0103rii economice \u0219i sectoriale, care s\u0103 oglindeasc\u0103 mai bine poten\u021bialul rela\u021biilor noastre politice.Am convenit s\u0103 sprijinim o prezen\u021b\u0103 mai puternic\u0103 a companiilor rom\u00e2ne\u0219ti \u00een Muntenegru, mai multe contacte la nivelul mediului de afaceri, \u00een special la nivelul \u00eentreprinderilor mici \u0219i mijlocii, sus\u021binute \u00een acela\u0219i timp de un dialog eficient \u0219i periodic \u00eentre autorit\u0103\u021bi.Am subliniat interesul pentru dezvoltarea cooper\u0103rii \u00een multiple domenii, care s\u0103 aduc\u0103 beneficii tangibile pentru cet\u0103\u021beni, precum ap\u0103rare, afaceri interne, turism, energie, agricultur\u0103 \u0219i altele.Pentru viitorul societ\u0103\u021bilor noastre \u0219i al tinerilor, sprijinim oportunit\u0103\u021bile de dezvoltare a rela\u021biilor educa\u021bionale \u0219i culturale, prin intensificarea contactelor interumane.Am discutat cu domnul Pre\u0219edinte \u0219i despre situa\u021bia regional\u0103 din Balcanii de Vest, inclusiv din perspectiva consecin\u021belor negative pe care r\u0103zboiul de agresiune al Rusiei \u00eempotriva Ucrainei le genereaz\u0103.Pentru Rom\u00e2nia, Balcanii de Vest reprezint\u0103 o regiune de importan\u021b\u0103 strategic\u0103.Urm\u0103rim cu prioritate promovarea securit\u0103\u021bii \u00een regiune, cre\u0219terea \u0219i integrarea economic\u0103, inclusiv prin utilizarea oportunit\u0103\u021bilor oferite de platformele de cooperare regional\u0103 \u0219i cele con\u021binute \u00een Facilitatea UE pentru Reforme \u0219i Cre\u0219tere \u00een Balcanii de Vest.Am salutat cooperarea dintre \u021b\u0103rile noastre \u00een cadrul NATO, at\u00e2t \u00een ceea ce prive\u0219te regiunea M\u0103rii Negre, sprijinul pentru Ucraina, c\u00e2t \u0219i consolidarea Flancului Estic.Ca alia\u021bi, este foarte important s\u0103 construim un spa\u021biu comun al rezilien\u021bei \u00eempotriva dezinform\u0103rii \u0219i a campaniilor ostile de propagand\u0103 ale Federa\u021biei Ruse.Regiunea noastr\u0103 are nevoie de state puternice, cu democra\u021bii consolidate.Domnule Pre\u0219edinte, m-am bucurat s\u0103 reg\u0103sesc \u00een discu\u021biile noastre o viziune proeuropean\u0103 profund\u0103, asumat\u0103 \u0219i coerent\u0103. Este de datoria noastr\u0103 s\u0103 valorific\u0103m experien\u021ba trecutului, s\u0103 privim cu deschidere la oportunit\u0103\u021bile prezentului \u0219i s\u0103 cl\u0103dim un viitor c\u00e2t mai bun pentru viitoarele genera\u021bii.Acest viitor comun este \u00een familia european\u0103\u201d, a declarat Iohannis.<\/p>\n<p>Legat de cooperarea economic\u0103 dintre Rom\u00e2nia \u0219i Muntenegru, Iohannis spune c\u0103 mul\u021bi rom\u00e2ni au ales aceast\u0103 \u021bar\u0103 ca destina\u021bie turistic\u0103, dar exist\u0103 \u0219i mul\u021bi care caut\u0103 oportunit\u0103\u021bi de afaceri.<\/p>\n<p>\u201eCred c\u0103 trebuie s\u0103 \u00eencepem cu \u00eenceputul. Pentru rom\u00e2ni, Muntenegru nu este ceva necunoscut. Este o \u021bar\u0103 pe care am privit-o dintotdeauna cu mult\u0103 simpatie \u0219i sper c\u0103 nu este necunoscut faptul c\u0103 mul\u021bi rom\u00e2ni au venit \u00een Muntenegru, unii ca turi\u0219ti, al\u021bii ca s\u0103 vad\u0103 ce oportunit\u0103\u021bi de afaceri se g\u0103sesc aici. \u00cen ultima vreme, a devenit foarte evident \u0219i intens contactul pe linie de integrare european\u0103, \u0219i aici institu\u021biile din Rom\u00e2nia sunt nu doar dispuse s\u0103 dea sprijin, s-a \u0219i f\u0103cut, exist\u0103 multiple contacte, \u0219i noi sprijinim cu tot ce putem parcursul european \u2013 \u0219i sper\u0103m s\u0103 se finalizeze c\u00e2t mai repede &#8211; a Muntenegrului. \u00cen ceea ce prive\u0219te extinderea cooper\u0103rii economice, nu credem c\u0103 este bine s\u0103 l\u0103s\u0103m lucrurile doar a\u0219a, cu speran\u021b\u0103, \u0219i am\u00e2ndoi am hot\u0103r\u00e2t ast\u0103zi s\u0103 \u00eencuraj\u0103m guvernele noastre s\u0103 \u00eenceap\u0103 s\u0103 fac\u0103 pa\u0219i foarte concre\u021bi pentru a sprijini antreprenorii din Muntenegru \u0219i din Rom\u00e2nia s\u0103 se apropie mai mult unii de al\u021bii\u201d, a declarat pre\u0219edintele.<\/p>","protected":false},"excerpt":{"rendered":"<p>\u201eM\u0103 bucur s\u0103 m\u0103 aflu ast\u0103zi la Cetinje, \u00een capitala istoric\u0103 a Muntenegrului \u2013 un&hellip;<\/p>\n","protected":false},"author":0,"featured_media":1178,"comment_status":"open","ping_status":"open","sticky":false,"template":"","format":"standard","meta":{"footnotes":""},"categories":[2],"tags":[],"class_list":["post-1187","post","type-post","status-publish","format-standard","has-post-thumbnail","hentry","category-actual"],"_links":{"self":[{"href":"https:\/\/247stiri.ro\/index.php\/wp-json\/wp\/v2\/posts\/1187","targetHints":{"allow":["GET"]}}],"collection":[{"href":"https:\/\/247stiri.ro\/index.php\/wp-json\/wp\/v2\/posts"}],"about":[{"href":"https:\/\/247stiri.ro\/index.php\/wp-json\/wp\/v2\/types\/post"}],"replies":[{"embeddable":true,"href":"https:\/\/247stiri.ro\/index.php\/wp-json\/wp\/v2\/comments?post=1187"}],"version-history":[{"count":0,"href":"https:\/\/247stiri.ro\/index.php\/wp-json\/wp\/v2\/posts\/1187\/revisions"}],"wp:featuredmedia":[{"embeddable":true,"href":"https:\/\/247stiri.ro\/index.php\/wp-json\/wp\/v2\/media\/1178"}],"wp:attachment":[{"href":"https:\/\/247stiri.ro\/index.php\/wp-json\/wp\/v2\/media?parent=1187"}],"wp:term":[{"taxonomy":"category","embeddable":true,"href":"https:\/\/247stiri.ro\/index.php\/wp-json\/wp\/v2\/categories?post=1187"},{"taxonomy":"post_tag","embeddable":true,"href":"https:\/\/247stiri.ro\/index.php\/wp-json\/wp\/v2\/tags?post=1187"}],"curies":[{"name":"wp","href":"https:\/\/api.w.org\/{rel}","templated":true}]}}