{"id":11870,"date":"2024-11-29T12:45:09","date_gmt":"2024-11-29T12:45:09","guid":{"rendered":"https:\/\/247stiri.ro\/index.php\/2024\/11\/29\/campania-electorala-pentru-turul-al-ii-lea-al-alegerilor-prezidentiale-nu-incepe-pe-29-noiembrie-anuntul-cna\/"},"modified":"2024-11-29T12:45:09","modified_gmt":"2024-11-29T12:45:09","slug":"campania-electorala-pentru-turul-al-ii-lea-al-alegerilor-prezidentiale-nu-incepe-pe-29-noiembrie-anuntul-cna","status":"publish","type":"post","link":"https:\/\/247stiri.ro\/index.php\/2024\/11\/29\/campania-electorala-pentru-turul-al-ii-lea-al-alegerilor-prezidentiale-nu-incepe-pe-29-noiembrie-anuntul-cna\/","title":{"rendered":"Campania electoral\u0103 pentru turul al II-lea al alegerilor preziden\u0163iale NU \u00eencepe pe 29 noiembrie! Anun\u021bul CNA"},"content":{"rendered":"<p>&#8222;Consiliul Na\u0163ional al Audiovizualului reaminte\u015fte radiodifuzorilor c\u0103, \u00een perioada de dup\u0103 \u00eencheierea vot\u0103rii, 24 noiembrie 2024, \u015fi p\u00e2n\u0103 la data c\u00e2nd, potrivit art. 54 alin. (2) \u015fi (3) din Legea nr. 370\/2004, Curtea Constitu\u0163ional\u0103 aduce la cuno\u015ftin\u0163\u0103 public\u0103 numele candida\u0163ilor \u015fi ziua vot\u0103rii pentru al doilea tur de scrutin este interzis\u0103 difuzarea emisiunilor specifice campaniei electorale pentru alegerea Pre\u015fedintelui Rom\u00e2niei, fiind aplicabile dispozi\u0163iile generale ale Legii audiovizualului nr. 504\/2002, cu modific\u0103rile \u015fi complet\u0103rile ulterioare \u015fi ale Deciziei CNA nr. 220\/2011 privind Codul de reglementare a con\u0163inutului audiovizual, cu modific\u0103rile \u015fi complet\u0103rile ulterioare. Prin urmare, campania electoral\u0103 pentru turul al II-lea al alegerilor preziden\u0163iale nu \u00eencepe azi, vineri, 29 noiembrie 2024&#8221;, a transmis CNA.<\/p>\n<p><a href=\"https:\/\/www.realitatea.net\/stiri\/politica\/alegeri-parlamentare-2024-peste-8000-de-candidati-la-votul-alegatorilor-pe-1-decembrie_6749633a211e97672b6b231a\" target=\"_blank\">Alegeri parlamentare 2024. Peste 8.000 de candida\u021bi la votul aleg\u0103torilor, pe 1 decembrie<\/a><\/p>\n<p>Consiliul reaminte\u015fte, \u00een acest context, posturilor de televiziune \u015fi radio c\u0103 vineri, 29 noiembrie, ora 7,00, s-a \u00eencheiat, \u00een audiovizual, campania electoral\u0103 pentru alegerea Senatului \u015fi a Camerei Deputa\u0163ilor.\u00a0<\/p>","protected":false},"excerpt":{"rendered":"<p>&#8222;Consiliul Na\u0163ional al Audiovizualului reaminte\u015fte radiodifuzorilor c\u0103, \u00een perioada de dup\u0103 \u00eencheierea vot\u0103rii, 24 noiembrie&hellip;<\/p>\n","protected":false},"author":0,"featured_media":11871,"comment_status":"open","ping_status":"open","sticky":false,"template":"","format":"standard","meta":{"footnotes":""},"categories":[3],"tags":[],"class_list":["post-11870","post","type-post","status-publish","format-standard","has-post-thumbnail","hentry","category-politica"],"_links":{"self":[{"href":"https:\/\/247stiri.ro\/index.php\/wp-json\/wp\/v2\/posts\/11870","targetHints":{"allow":["GET"]}}],"collection":[{"href":"https:\/\/247stiri.ro\/index.php\/wp-json\/wp\/v2\/posts"}],"about":[{"href":"https:\/\/247stiri.ro\/index.php\/wp-json\/wp\/v2\/types\/post"}],"replies":[{"embeddable":true,"href":"https:\/\/247stiri.ro\/index.php\/wp-json\/wp\/v2\/comments?post=11870"}],"version-history":[{"count":0,"href":"https:\/\/247stiri.ro\/index.php\/wp-json\/wp\/v2\/posts\/11870\/revisions"}],"wp:featuredmedia":[{"embeddable":true,"href":"https:\/\/247stiri.ro\/index.php\/wp-json\/wp\/v2\/media\/11871"}],"wp:attachment":[{"href":"https:\/\/247stiri.ro\/index.php\/wp-json\/wp\/v2\/media?parent=11870"}],"wp:term":[{"taxonomy":"category","embeddable":true,"href":"https:\/\/247stiri.ro\/index.php\/wp-json\/wp\/v2\/categories?post=11870"},{"taxonomy":"post_tag","embeddable":true,"href":"https:\/\/247stiri.ro\/index.php\/wp-json\/wp\/v2\/tags?post=11870"}],"curies":[{"name":"wp","href":"https:\/\/api.w.org\/{rel}","templated":true}]}}