{"id":11876,"date":"2024-11-29T12:45:10","date_gmt":"2024-11-29T12:45:10","guid":{"rendered":"https:\/\/247stiri.ro\/index.php\/2024\/11\/29\/protest-urias-in-fata-guvernului-din-cauza-pensiilor-si-salariilor-in-plin-scandal-al-alegerilor\/"},"modified":"2024-11-29T12:45:10","modified_gmt":"2024-11-29T12:45:10","slug":"protest-urias-in-fata-guvernului-din-cauza-pensiilor-si-salariilor-in-plin-scandal-al-alegerilor","status":"publish","type":"post","link":"https:\/\/247stiri.ro\/index.php\/2024\/11\/29\/protest-urias-in-fata-guvernului-din-cauza-pensiilor-si-salariilor-in-plin-scandal-al-alegerilor\/","title":{"rendered":"Protest uria\u0219 \u00een fa\u021ba Guvernului, din cauza pensiilor \u0219i salariilor, \u00een plin scandal al alegerilor"},"content":{"rendered":"<p>Federa\u0163ia Sindicatelor din Silvicultur\u0103 Silva organizeaz\u0103 o nou\u0103 ac\u0163iune de protest \u00een fa\u0163a Guvernului Rom\u00e2niei. Ac\u021biunea va dura aproximativ trei ore.<\/p>\n<p>Ceferi\u015fti, militari, poli\u0163i\u015fti, mineri, siderurgi\u015fti, energeticieni \u015fi alte categorii socio-profesionale din cadrul Confedera\u0163iei Sindicale Na\u0163ionale Meridian \u015fi a altor structuri confederale vor ie\u0219i \u00een strad\u0103 s\u0103-\u0219i strige nemul\u021bumirele fa\u021b\u0103 de legea pensiilor.<\/p>\n<p>Mitingul are loc \u00eentre orele 13:00 &#8211; 16:00 \u00een fa\u021ba Guvernului Rom\u00e2niei, acolo unde protestatarii vor cere deciden\u021bilor condi\u0163ii de munc\u0103 mai bune, salarii mai mari.<\/p>\n<p>Ce revendic\u0103ri au sindicali\u0219tii din silvicultur\u0103<\/p>\n<p>Printre revendic\u0103rile lucr\u0103torilor din sectorul silvic se afl\u0103 modificarea \u00een regim de urgen\u0163\u0103 a Legii 360\/2023 &#8211; privind sistemul public de pensii, prin care Parlamentul, la propunerea Guvernului Rom\u00e2niei, a abrogat din OUG 59\/2000 &#8211; Statutul personalului silvic, posibilitatea \u00eencadr\u0103rii \u00een condi\u0163ii speciale a locurilor de munc\u0103 pentru personalul silvic care desf\u0103\u015foar\u0103 activit\u0103\u0163i de paza fondului forestier, a fondurilor cinegetice \u015fi piscicole, a ariilor naturale protejate; control silvic \u015fi cinegetic; exploat\u0103ri forestiere; construc\u0163ii forestiere; lucr\u0103ri specifice de teren \u00een activitatea de fond forestier \u015fi \u00eemp\u0103duriri.<\/p>\n<p>\u00a0<\/p>\n<p>\u00a0<\/p>","protected":false},"excerpt":{"rendered":"<p>Federa\u0163ia Sindicatelor din Silvicultur\u0103 Silva organizeaz\u0103 o nou\u0103 ac\u0163iune de protest \u00een fa\u0163a Guvernului Rom\u00e2niei.&hellip;<\/p>\n","protected":false},"author":0,"featured_media":11877,"comment_status":"open","ping_status":"open","sticky":false,"template":"","format":"standard","meta":{"footnotes":""},"categories":[2],"tags":[],"class_list":["post-11876","post","type-post","status-publish","format-standard","has-post-thumbnail","hentry","category-actual"],"_links":{"self":[{"href":"https:\/\/247stiri.ro\/index.php\/wp-json\/wp\/v2\/posts\/11876","targetHints":{"allow":["GET"]}}],"collection":[{"href":"https:\/\/247stiri.ro\/index.php\/wp-json\/wp\/v2\/posts"}],"about":[{"href":"https:\/\/247stiri.ro\/index.php\/wp-json\/wp\/v2\/types\/post"}],"replies":[{"embeddable":true,"href":"https:\/\/247stiri.ro\/index.php\/wp-json\/wp\/v2\/comments?post=11876"}],"version-history":[{"count":0,"href":"https:\/\/247stiri.ro\/index.php\/wp-json\/wp\/v2\/posts\/11876\/revisions"}],"wp:featuredmedia":[{"embeddable":true,"href":"https:\/\/247stiri.ro\/index.php\/wp-json\/wp\/v2\/media\/11877"}],"wp:attachment":[{"href":"https:\/\/247stiri.ro\/index.php\/wp-json\/wp\/v2\/media?parent=11876"}],"wp:term":[{"taxonomy":"category","embeddable":true,"href":"https:\/\/247stiri.ro\/index.php\/wp-json\/wp\/v2\/categories?post=11876"},{"taxonomy":"post_tag","embeddable":true,"href":"https:\/\/247stiri.ro\/index.php\/wp-json\/wp\/v2\/tags?post=11876"}],"curies":[{"name":"wp","href":"https:\/\/api.w.org\/{rel}","templated":true}]}}