{"id":11910,"date":"2024-11-29T14:44:51","date_gmt":"2024-11-29T14:44:51","guid":{"rendered":"https:\/\/247stiri.ro\/index.php\/2024\/11\/29\/editie-exploziva-la-culisele-statului-paralel-cum-incearca-statul-paralel-sa-si-puna-presedintele-la-cotroceni-si-cum-a-tradat-ilie-bolojan-pnl\/"},"modified":"2024-11-29T14:44:51","modified_gmt":"2024-11-29T14:44:51","slug":"editie-exploziva-la-culisele-statului-paralel-cum-incearca-statul-paralel-sa-si-puna-presedintele-la-cotroceni-si-cum-a-tradat-ilie-bolojan-pnl","status":"publish","type":"post","link":"https:\/\/247stiri.ro\/index.php\/2024\/11\/29\/editie-exploziva-la-culisele-statului-paralel-cum-incearca-statul-paralel-sa-si-puna-presedintele-la-cotroceni-si-cum-a-tradat-ilie-bolojan-pnl\/","title":{"rendered":"Edi\u021bie exploziv\u0103 la Culisele Statului Paralel. Cum \u00eencearc\u0103 statul paralel s\u0103-\u0219i pun\u0103 pre\u0219edintele la Cotroceni \u0219i cum a tr\u0103dat Ilie Bolojan PNL"},"content":{"rendered":"<p>\u201eAm preg\u0103tit pentru disear\u0103 o emisiune special\u0103, de\u0219i era ziua mea liber\u0103, nu puteam s\u0103 stau departe de ce se \u00eent\u00e2mpl\u0103 \u00een Rom\u00e2nia \u00een aceste ore, pu\u021bine, de dinaintea alegerilor de duminic\u0103. Te-am auzit, Lauren\u021biu, c\u00e2nd \u00eentrebai \u00een platou, dac\u0103 nu cumva exist\u0103 vreo leg\u0103tur\u0103 \u00eentre faptul c\u0103, dintr-o dat\u0103, celor doi generali negri li s-a dat dreptul s\u0103 p\u0103r\u0103seasc\u0103 \u021bar\u0103. Eu, disear\u0103, am s\u0103 fac o analiz\u0103 \u0219i mai profund\u0103 a ceea ce s-a \u00eent\u00e2mplat. Asta pentru c\u0103, ie\u0219irea de asear\u0103 din joc, a lui Marcel Ciolacu, anun\u021b\u00e2nd c\u0103, dac\u0103 se va constata c\u0103 este o alt\u0103 ordine la alegeri, nu va mai merge mai departe, a fost pentru mine un semnal de alarm\u0103.<\/p>\n<p><a href=\"https:\/\/www.realitatea.net\/stiri\/actual\/ce-conditie-ii-pune-marcel-ciolacu-elenei-lasconi-daca-ma-suna-sa-spuna-ca-a-mintit-daca-nu-sa-nu-ma-sune-video_6749bc7cd1866153ab35cd48\" target=\"_blank\">Ce condi\u021bie \u00eei pune Marcel Ciolacu Elenei Lasconi? Dac\u0103 m\u0103 sun\u0103, s\u0103 spun\u0103 c\u0103 a min\u021bit. Dac\u0103 nu, s\u0103 nu m\u0103 sune! &#8211; VIDEO<\/a><\/p>\n<p>De fapt, o confirmare faptului c\u0103 sunt ultimele zv\u00e2cniri ale statului paralel, care \u00eencearc\u0103 s\u0103 salveze situa\u021bia, s\u0103 \u00ee\u0219i pun\u0103 pre\u0219edintele la Cotroceni, mai precis, pe Elena Lasconi. Am spus lucrul acesta dinainte de primul tur al alegerilor preziden\u021biale. Disear\u0103 am s\u0103 demontez \u0219i multe dintre minciunile care sunt rostogolite pe TikTok \u0219i pe alte re\u021bele, fiind buc\u0103\u021bi t\u0103iate din afirma\u021biile lui C\u0103lin Georgescu, tocmai pentru a ar\u0103ta modul \u00een care statul paralel manipuleaz\u0103 \u00een continuare aceste alegeri. Repet ce am spus \u0219i zilele trecute: Nu sus\u021bin un candidat, ci doar spun adev\u0103rul! Acest lucru trebuie s\u0103 \u00eel facem to\u021bi, pentru c\u0103 oamenii sunt supu\u0219i unui bombardament de informa\u021bii false, ce sunt scoase din context. Partide care \u00eencearc\u0103 s\u0103 se foloseasc\u0103\u00a0 de imaginea candidatului C\u0103lin Georgescu, pentru a ob\u021bine voturi duminic\u0103.<\/p>\n<p><a href=\"https:\/\/www.realitatea.net\/stiri\/politica\/cum-dirijeaza-ilie-bolojan-spectacolul-catuselor-omul-de-la-oradea-orchestreaza-probleme-penale-tuturor-liberalilor-care-i-se-opun-cu-sprijinul-lui-kovesi_6749a5f42293a415206a4b02\" target=\"_blank\">Cum dirijeaz\u0103 Ilie Bolojan &#8222;spectacolul c\u0103tu\u0219elor&#8221;. Omul de la Oradea orchestreaz\u0103 probleme penale tuturor liberalilor care i se opun, cu sprijinul lui Kovesi<\/a><\/p>\n<p>Au azi am f\u0103cut \u0219i o postare pe pagina mea de TikTok, pentru c\u0103 de ast\u0103zi mi-am reactivat \u0219i TikTok, de azi sunt trol oficial, a\u0219tept s\u0103 vin\u0103 s\u0103 m\u0103 ia mili\u021bia. \u00cen aceast\u0103 sear\u0103 de la ora 21 \u00een primul r\u00e2nd maestrul Dorel Vi\u0219an va fi \u00een leg\u0103tur\u0103 direct\u0103 cu noi \u0219i o s\u0103 vede\u021bi un foarte apropiat om al lui Klaus Iohannis, va fi \u00een platou la Culisele Statului Paralel. El va vorbi at\u00e2t despre C\u0103lin Georgescu, dar \u0219i despre Ilie Bolojan. Cum a tr\u0103dat domnul Bolojan PNL. O s\u0103 afla\u021bi ni\u0219te lucruri absolut senza\u021bionale \u00een aceast\u0103 sear\u0103\u201d, a declarat Anca Alexandrescu.<\/p>","protected":false},"excerpt":{"rendered":"<p>\u201eAm preg\u0103tit pentru disear\u0103 o emisiune special\u0103, de\u0219i era ziua mea liber\u0103, nu puteam s\u0103&hellip;<\/p>\n","protected":false},"author":0,"featured_media":11905,"comment_status":"open","ping_status":"open","sticky":false,"template":"","format":"standard","meta":{"footnotes":""},"categories":[2],"tags":[],"class_list":["post-11910","post","type-post","status-publish","format-standard","has-post-thumbnail","hentry","category-actual"],"_links":{"self":[{"href":"https:\/\/247stiri.ro\/index.php\/wp-json\/wp\/v2\/posts\/11910","targetHints":{"allow":["GET"]}}],"collection":[{"href":"https:\/\/247stiri.ro\/index.php\/wp-json\/wp\/v2\/posts"}],"about":[{"href":"https:\/\/247stiri.ro\/index.php\/wp-json\/wp\/v2\/types\/post"}],"replies":[{"embeddable":true,"href":"https:\/\/247stiri.ro\/index.php\/wp-json\/wp\/v2\/comments?post=11910"}],"version-history":[{"count":0,"href":"https:\/\/247stiri.ro\/index.php\/wp-json\/wp\/v2\/posts\/11910\/revisions"}],"wp:featuredmedia":[{"embeddable":true,"href":"https:\/\/247stiri.ro\/index.php\/wp-json\/wp\/v2\/media\/11905"}],"wp:attachment":[{"href":"https:\/\/247stiri.ro\/index.php\/wp-json\/wp\/v2\/media?parent=11910"}],"wp:term":[{"taxonomy":"category","embeddable":true,"href":"https:\/\/247stiri.ro\/index.php\/wp-json\/wp\/v2\/categories?post=11910"},{"taxonomy":"post_tag","embeddable":true,"href":"https:\/\/247stiri.ro\/index.php\/wp-json\/wp\/v2\/tags?post=11910"}],"curies":[{"name":"wp","href":"https:\/\/api.w.org\/{rel}","templated":true}]}}