{"id":11911,"date":"2024-11-29T14:44:51","date_gmt":"2024-11-29T14:44:51","guid":{"rendered":"https:\/\/247stiri.ro\/index.php\/2024\/11\/29\/doi-romani-au-murit-intr-un-acident-de-munca-la-o-uzina-de-biogaz-in-danemarca\/"},"modified":"2024-11-29T14:44:51","modified_gmt":"2024-11-29T14:44:51","slug":"doi-romani-au-murit-intr-un-acident-de-munca-la-o-uzina-de-biogaz-in-danemarca","status":"publish","type":"post","link":"https:\/\/247stiri.ro\/index.php\/2024\/11\/29\/doi-romani-au-murit-intr-un-acident-de-munca-la-o-uzina-de-biogaz-in-danemarca\/","title":{"rendered":"Doi rom\u00e2ni au murit \u00eentr-un acident de munc\u0103 la o uzin\u0103 de biogaz \u00een Danemarca"},"content":{"rendered":"<p>Tragedia a avut loc la ora 18:04, \u00een cadrul uzinei de biogaz din Assens. Potrivit informa\u021biilor oferite de poli\u021bia din Funen, zece persoane erau prezente pe sau \u00een apropierea acoperi\u0219ului silozului \u00een momentul incidentului.<\/p>\n<p>\u201eDin p\u0103cate, dou\u0103 persoane au decedat, \u0219ase sunt r\u0103nite, una este nev\u0103t\u0103mat\u0103, iar o persoan\u0103 este \u00eenc\u0103 disp\u0103rut\u0103, a declarat inspectorul\u00a0Christian Rasmussen. Ac\u021biunile de salvare au fost \u00eengreunate de accesul dificil la locul accidentului.<\/p>\n<p>Conform evalu\u0103rilor ini\u021biale, o parte din acoperi\u0219ul silozului s-a pr\u0103bu\u0219it. Autorit\u0103\u021bile daneze de siguran\u021b\u0103 a muncii investigheaz\u0103 incidentul, aceasta fiind o procedur\u0103 standard \u00een cazul accidentelor industriale severe.<\/p>\n\n<p>Christian Stenskrog, partener la Fleml\u00f8se Biogas, a confirmat pentru TV 2 Fyn c\u0103 uzina este \u00een curs de extindere, iar un nou rezervor se afl\u0103 \u00een construc\u021bie. Totu\u0219i, nu a fost stabilit dac\u0103 accidentul este legat de lucr\u0103rile \u00een desf\u0103\u0219urare.<\/p>\n<p><a title=\"Impact devastator la iesirea din Cugir: doua persoane au ramas incarcerate\" href=\"https:\/\/www.realitatea.net\/stiri\/actual\/impact-devastator-la-iesirea-din-cugir-doua-persoane-au-ramas-incarcerate_67498569c0381815f124ffa2\">Impact devastator la ie\u0219irea din Cugir: dou\u0103 persoane au r\u0103mas \u00eencarcerate<\/a><\/p>\n<p>Directorul uzinei,\u00a0Kurt Brusg\u00e5rd Poulsen, a declarat c\u0103 persoanele implicate \u00een accident nu erau angaja\u021bi ai companiei Fleml\u00f8se Biogas. \u201eDesigur, avem o responsabilitate moral\u0103, dar nu eram direct implica\u021bi \u00een lucr\u0103rile respective. Este o tragedie care m\u0103 afecteaz\u0103 profund,\u201d a spus acesta pentru publica\u021bia Fagbladet 3F.<\/p>\n<p>Un alt partener al companiei,\u00a0J\u00f8rgen Stougaard, a explicat c\u0103 incidentul s-a produs\u00a0\u00een afara programului de lucru, iar uzina a fost achizi\u021bionat\u0103 ca o unitate complet\u0103,\u00a0o companie german\u0103\u00a0fiind desemnat\u0103 ca antreprenor principal, scrie <a href=\"https:\/\/ziarulromanesc.de\/acoperis-prabusit-uzina-danemarca-romani-morti\/?_gl=1*1uczaie*_up*MQ..*_ga*MTIzODQ4Mzc4Ny4xNzMyODg5NjM4*_ga_0R78J96SMZ*MTczMjg4OTYzNy4xLjEuMTczMjg4OTcxMi4wLjAuMA..\" target=\"_blank\">presa<\/a> rom\u00e2neasc\u0103 din diaspora. Aceasta\u00a0a subcontractat lucr\u0103rile\u00a0de construc\u021bie\u00a0c\u0103tre o firm\u0103 belgian\u0103.<\/p>\n<p>\u00cenfiin\u021bat\u0103 \u00een 2020, centrala Fleml\u00f8se Biogas are o capacitate anual\u0103 de produc\u021bie de\u00a0\u0219apte milioane de metri cubi de gaz\u00a0natural, suficient pentru a \u00eenc\u0103lzi aproximativ\u00a03.500 de locuin\u021be. Gazul este produs folosind de\u0219euri naturale, precum\u00a0b\u0103legar,\u00a0resturi de legume,\u00a0porumb.<\/p>\n<p><a title=\"Accident grav pe DN2, in judetul Bacau, soldat cu 3 morti si 6 raniti. Printre raniti sunt si 3 copii\" href=\"https:\/\/www.realitatea.net\/stiri\/actual\/accident-mortal-pe-dn2-in-judetul-bacau-soldat-cu-3-morti-si-6-raniti-trafic-ingreunat_67496538a78a0a38d9405d88\">Accident grav pe DN2, \u00een jude\u021bul Bac\u0103u, soldat cu 3 mor\u021bi \u0219i 6 r\u0103ni\u021bi. Printre r\u0103ni\u021bi sunt \u0219i 3 copii<\/a><\/p>","protected":false},"excerpt":{"rendered":"<p>Tragedia a avut loc la ora 18:04, \u00een cadrul uzinei de biogaz din Assens. Potrivit&hellip;<\/p>\n","protected":false},"author":0,"featured_media":11903,"comment_status":"open","ping_status":"open","sticky":false,"template":"","format":"standard","meta":{"footnotes":""},"categories":[2],"tags":[],"class_list":["post-11911","post","type-post","status-publish","format-standard","has-post-thumbnail","hentry","category-actual"],"_links":{"self":[{"href":"https:\/\/247stiri.ro\/index.php\/wp-json\/wp\/v2\/posts\/11911","targetHints":{"allow":["GET"]}}],"collection":[{"href":"https:\/\/247stiri.ro\/index.php\/wp-json\/wp\/v2\/posts"}],"about":[{"href":"https:\/\/247stiri.ro\/index.php\/wp-json\/wp\/v2\/types\/post"}],"replies":[{"embeddable":true,"href":"https:\/\/247stiri.ro\/index.php\/wp-json\/wp\/v2\/comments?post=11911"}],"version-history":[{"count":0,"href":"https:\/\/247stiri.ro\/index.php\/wp-json\/wp\/v2\/posts\/11911\/revisions"}],"wp:featuredmedia":[{"embeddable":true,"href":"https:\/\/247stiri.ro\/index.php\/wp-json\/wp\/v2\/media\/11903"}],"wp:attachment":[{"href":"https:\/\/247stiri.ro\/index.php\/wp-json\/wp\/v2\/media?parent=11911"}],"wp:term":[{"taxonomy":"category","embeddable":true,"href":"https:\/\/247stiri.ro\/index.php\/wp-json\/wp\/v2\/categories?post=11911"},{"taxonomy":"post_tag","embeddable":true,"href":"https:\/\/247stiri.ro\/index.php\/wp-json\/wp\/v2\/tags?post=11911"}],"curies":[{"name":"wp","href":"https:\/\/api.w.org\/{rel}","templated":true}]}}