{"id":11943,"date":"2024-11-29T15:44:50","date_gmt":"2024-11-29T15:44:50","guid":{"rendered":"https:\/\/247stiri.ro\/index.php\/2024\/11\/29\/o-tara-europeana-introduce-concediul-pentru-clima-de-ce-au-luat-autoritatile-aceasta-decizie\/"},"modified":"2024-11-29T15:44:50","modified_gmt":"2024-11-29T15:44:50","slug":"o-tara-europeana-introduce-concediul-pentru-clima-de-ce-au-luat-autoritatile-aceasta-decizie","status":"publish","type":"post","link":"https:\/\/247stiri.ro\/index.php\/2024\/11\/29\/o-tara-europeana-introduce-concediul-pentru-clima-de-ce-au-luat-autoritatile-aceasta-decizie\/","title":{"rendered":"O \u021bar\u0103 european\u0103 introduce concediul pentru clim\u0103. De ce au luat autorit\u0103\u021bile aceast\u0103 decizie"},"content":{"rendered":"<p>Aceast\u0103 m\u0103sur\u0103 a fost introdus\u0103 la o lun\u0103 dup\u0103 ce inunda\u021biile devastatoare din octombrie au dus la moartea a cel pu\u021bin 224 de persoane \u00een diferite regiuni ale \u021b\u0103rii. Scopul acestei reglement\u0103ri este de a asigura protec\u021bia vie\u021bii \u0219i siguran\u021bei angaja\u021bilor, oferindu-le ocazia de a evita c\u0103l\u0103toriile \u00een timpul alertelor meteo severe.<\/p>\n<p>\u201eConcediul climatic pl\u0103tit\u201d a fost introdus ca o reac\u021bie la inciden\u021ba tot mai frecvent\u0103 a fenomenelor meteorologice extreme, care devin tot mai grave din cauza schimb\u0103rilor climatice. Ministrul muncii, Yolanda D\u00edaz, a subliniat c\u0103 m\u0103sura este esen\u021bial\u0103 pentru a proteja lucr\u0103torii, care nu trebuie s\u0103 fie expu\u0219i riscurilor \u00een astfel de condi\u021bii, scrie StiriDiaspora.\u00a0\u201e\u00cen cazul \u00een care autorit\u0103\u021bile de urgen\u021b\u0103 semnaleaz\u0103 un risc, lucr\u0103torii vor trebui s\u0103 se ab\u021bin\u0103 de la a merge la munc\u0103\u201d, a declarat D\u00edaz, men\u021bion\u00e2nd c\u0103 angaja\u021bii vor putea apela la o zi de munc\u0103 redus\u0103 dac\u0103 este necesar, dup\u0103 cele patru zile acordate ini\u021bial.\u00a0<a title=\"Doi romani au murit intr-un acident de munca la o uzina de biogaz in Danemarca \" href=\"https:\/\/www.realitatea.net\/stiri\/actual\/doi-romani-au-murit-intrun-acident-de-munca-la-o-uzina-de-biogaz-in-danemarca_6749cf8717e4ba5d1d4e9544\">Doi rom\u00e2ni au murit \u00eentr-un acident de munc\u0103 la o uzin\u0103 de biogaz \u00een Danemarca<\/a>\u00a0Noua reglementare legislativ\u0103 a venit \u00een urma valului de critici adresate mai multor companii care au continuat s\u0103 le cear\u0103 angaja\u021bilor s\u0103 se prezinte la munc\u0103, \u00een ciuda avertismentelor meteo emise de autorit\u0103\u021bile competente.\u00cen unele cazuri, alertele de cod ro\u0219u pentru inunda\u021bii au fost transmise tardiv, ceea ce a determinat numeroase persoane s\u0103 c\u0103l\u0103toreasc\u0103 \u00een condi\u021bii meteorologice extreme. Aceste tragedii au eviden\u021biat necesitatea implement\u0103rii unor m\u0103suri mai eficiente pentru protejarea lucr\u0103torilor \u00een fa\u021ba crizelor climatice.\u00a0Legea adoptat\u0103 de Spania este inspirat\u0103 din legisla\u021bia similar\u0103 din Canada, unde concediul pl\u0103tit pentru situa\u021biile de urgen\u021b\u0103 climatic\u0103 a fost implementat deja. Guvernul spaniol consider\u0103 c\u0103 aceast\u0103 m\u0103sur\u0103 reprezint\u0103 un pas important \u00een lupta \u00eempotriva schimb\u0103rilor climatice \u0219i \u00een protejarea drepturilor lucr\u0103torilor.\u201e\u00cen fa\u021ba nega\u021bionismului climatic din partea dreptei, guvernul spaniol r\u0103m\u00e2ne ferm \u00een angajamentul s\u0103u fa\u021b\u0103 de politici ecologice \u0219i de protec\u021bie a cet\u0103\u021benilor\u201d, a declarat ministrul muncii.\u00a0Inunda\u021biile din octombrie au avut un impact devastator \u00een special \u00een regiunea Valencia, unde majoritatea victimelor au fost raportate. Pre\u0219edintele regional, Carlos Maz\u00f3n, a recunoscut c\u0103 au fost gre\u0219eli \u00een gestionarea crizei, \u00eens\u0103 a refuzat s\u0103 demisioneze, argument\u00e2nd c\u0103 amploarea dezastrului a fost de o magnitudine f\u0103r\u0103 precedent.\u00a0\u00cen continuare, anumite p\u0103r\u021bi ale Spaniei, cum ar fi M\u00e1laga, au fost afectate de noi ploi toren\u021biale, ceea ce a dus la evacuarea a mii de persoane din casele lor.\u00a0\u00cen fa\u021ba acestor realit\u0103\u021bi, m\u0103surile de protec\u021bie social\u0103 \u0219i climatic\u0103 devin o prioritate, iar legisla\u021bia introdus\u0103 de guvernul spaniol constituie un pas semnificativ \u00een adaptarea la schimb\u0103rile climatice.\u00a0<a title=\"Extremistii vor sa scoata Germania din UE. Ce cer in documentul care a agitat scena politica\" href=\"https:\/\/www.realitatea.net\/stiri\/actual\/extremistii-vor-sa-scoata-germania-din-ue-ce-cer-in-documentul-care-a-agitat-scena-politica_6749d48e3b289b727132ad68\">Extremi\u0219tii vor s\u0103 scoat\u0103 Germania din UE. Ce cer \u00een documentul care a agitat scena politic\u0103<\/a><\/p>","protected":false},"excerpt":{"rendered":"<p>Aceast\u0103 m\u0103sur\u0103 a fost introdus\u0103 la o lun\u0103 dup\u0103 ce inunda\u021biile devastatoare din octombrie au&hellip;<\/p>\n","protected":false},"author":0,"featured_media":11930,"comment_status":"open","ping_status":"open","sticky":false,"template":"","format":"standard","meta":{"footnotes":""},"categories":[2],"tags":[],"class_list":["post-11943","post","type-post","status-publish","format-standard","has-post-thumbnail","hentry","category-actual"],"_links":{"self":[{"href":"https:\/\/247stiri.ro\/index.php\/wp-json\/wp\/v2\/posts\/11943","targetHints":{"allow":["GET"]}}],"collection":[{"href":"https:\/\/247stiri.ro\/index.php\/wp-json\/wp\/v2\/posts"}],"about":[{"href":"https:\/\/247stiri.ro\/index.php\/wp-json\/wp\/v2\/types\/post"}],"replies":[{"embeddable":true,"href":"https:\/\/247stiri.ro\/index.php\/wp-json\/wp\/v2\/comments?post=11943"}],"version-history":[{"count":0,"href":"https:\/\/247stiri.ro\/index.php\/wp-json\/wp\/v2\/posts\/11943\/revisions"}],"wp:featuredmedia":[{"embeddable":true,"href":"https:\/\/247stiri.ro\/index.php\/wp-json\/wp\/v2\/media\/11930"}],"wp:attachment":[{"href":"https:\/\/247stiri.ro\/index.php\/wp-json\/wp\/v2\/media?parent=11943"}],"wp:term":[{"taxonomy":"category","embeddable":true,"href":"https:\/\/247stiri.ro\/index.php\/wp-json\/wp\/v2\/categories?post=11943"},{"taxonomy":"post_tag","embeddable":true,"href":"https:\/\/247stiri.ro\/index.php\/wp-json\/wp\/v2\/tags?post=11943"}],"curies":[{"name":"wp","href":"https:\/\/api.w.org\/{rel}","templated":true}]}}