{"id":12005,"date":"2024-11-29T18:46:05","date_gmt":"2024-11-29T18:46:05","guid":{"rendered":"https:\/\/247stiri.ro\/index.php\/2024\/11\/29\/accident-grav-in-judetul-alba-o-masina-s-a-izbit-de-un-autocar-7-oameni-au-fost-raniti-a-fost-activat-planul-rosu-video\/"},"modified":"2024-11-29T18:46:05","modified_gmt":"2024-11-29T18:46:05","slug":"accident-grav-in-judetul-alba-o-masina-s-a-izbit-de-un-autocar-7-oameni-au-fost-raniti-a-fost-activat-planul-rosu-video","status":"publish","type":"post","link":"https:\/\/247stiri.ro\/index.php\/2024\/11\/29\/accident-grav-in-judetul-alba-o-masina-s-a-izbit-de-un-autocar-7-oameni-au-fost-raniti-a-fost-activat-planul-rosu-video\/","title":{"rendered":"Accident grav, \u00een jude\u021bul Alba. O ma\u0219in\u0103 s-a izbit de un autocar. 7 oameni au fost r\u0103ni\u021bi. A fost activat PLANUL RO\u0218U \/ VIDEO"},"content":{"rendered":"<p>A fost activat Planul Ro\u015fu de Interven\u0163ie \u00een Alba vineri seara, 29 noiembrie, dup\u0103 un accident violent \u00een care un un autobuz \u015fi un autoturism au ingtrat \u00een coliziune, \u00een localitatea T\u0103u\u0163i.<\/p>\n<p>&#8222;\u00cen accident au fost implicate un autoturism \u015fi un autobuz \u00een care se aflau 42 de persoane. Din cele 42 de persoane, 7 persoane vor fi transportate la spital, con\u015ftiente, cooperante. F\u0103r\u0103 persoane \u00eencarcerate&#8221;, a transmis purt\u0103torul de cuv\u00e2nt al Inspectoratului pentru Situa\u0163ii de Urgen\u0163\u0103 (ISU) Alba, Alex Cri\u015fan.<\/p>\n<p>Potrivit informa\u0163iilor ini\u0163iale primite de ISU Alba, era posibil s\u0103 fie patru persoane \u00eencarcerate \u00een urma accidentului.<\/p>\n<p><a title=\"FOTO VIDEO | Accident rutier GRAV, \u00eentre un autobuz \u0219i un autoturism, \u00een localitatea T\u0103u\u021bi: 9 persoane implicate. A fost activat planul ro\u0219u de interven\u021bie\" href=\"https:\/\/ziarulunirea.ro\/accident-rutier-grav-intre-un-autobuz-si-un-autoturism-in-localitatea-tauti-9-persoane-implicate-a-fost-activat-planul-rosu-de-interventie-914108\/?fbclid=IwY2xjawG23HlleHRuA2FlbQIxMQABHeXAum_ebrZVugXMbwmzS_S5q8VXYEkhY_-mS_7cLkshzHlTIxzCDpS-WQ_aem_7NQ_FCNY-BPZDgun9JgwQQ\"><\/a><\/p>\n<p>Deta\u0219amentul de pompieri Alba Iulia intervine cu o autospecial\u0103 de stingere cu ap\u0103 \u0219i spum\u0103, o descarcerare, o ambulan\u021b\u0103 terapie intensiv\u0103 mobil\u0103, o EPA, o ATPVM \u0219i 3 ambulan\u021be SAJ Alba, pentru acordarea primului ajutor medical \u0219i descarcerare la evenimentul rutier produs \u00een localitatea T\u0103u\u021bi.<\/p>\n<p><a title=\"FOTO VIDEO | Accident rutier GRAV, \u00eentre un autobuz \u0219i un autoturism, \u00een localitatea T\u0103u\u021bi: 9 persoane implicate. A fost activat planul ro\u0219u de interven\u021bie\" href=\"https:\/\/ziarulunirea.ro\/accident-rutier-grav-intre-un-autobuz-si-un-autoturism-in-localitatea-tauti-9-persoane-implicate-a-fost-activat-planul-rosu-de-interventie-914108\/?fbclid=IwY2xjawG23HlleHRuA2FlbQIxMQABHeXAum_ebrZVugXMbwmzS_S5q8VXYEkhY_-mS_7cLkshzHlTIxzCDpS-WQ_aem_7NQ_FCNY-BPZDgun9JgwQQ\"><\/a><\/p>\n<p>\u00a0<\/p>\n<p>\u00a0<\/p>\n<p>\u00a0<\/p>","protected":false},"excerpt":{"rendered":"<p>A fost activat Planul Ro\u015fu de Interven\u0163ie \u00een Alba vineri seara, 29 noiembrie, dup\u0103 un&hellip;<\/p>\n","protected":false},"author":0,"featured_media":12006,"comment_status":"open","ping_status":"open","sticky":false,"template":"","format":"standard","meta":{"footnotes":""},"categories":[2],"tags":[],"class_list":["post-12005","post","type-post","status-publish","format-standard","has-post-thumbnail","hentry","category-actual"],"_links":{"self":[{"href":"https:\/\/247stiri.ro\/index.php\/wp-json\/wp\/v2\/posts\/12005","targetHints":{"allow":["GET"]}}],"collection":[{"href":"https:\/\/247stiri.ro\/index.php\/wp-json\/wp\/v2\/posts"}],"about":[{"href":"https:\/\/247stiri.ro\/index.php\/wp-json\/wp\/v2\/types\/post"}],"replies":[{"embeddable":true,"href":"https:\/\/247stiri.ro\/index.php\/wp-json\/wp\/v2\/comments?post=12005"}],"version-history":[{"count":0,"href":"https:\/\/247stiri.ro\/index.php\/wp-json\/wp\/v2\/posts\/12005\/revisions"}],"wp:featuredmedia":[{"embeddable":true,"href":"https:\/\/247stiri.ro\/index.php\/wp-json\/wp\/v2\/media\/12006"}],"wp:attachment":[{"href":"https:\/\/247stiri.ro\/index.php\/wp-json\/wp\/v2\/media?parent=12005"}],"wp:term":[{"taxonomy":"category","embeddable":true,"href":"https:\/\/247stiri.ro\/index.php\/wp-json\/wp\/v2\/categories?post=12005"},{"taxonomy":"post_tag","embeddable":true,"href":"https:\/\/247stiri.ro\/index.php\/wp-json\/wp\/v2\/tags?post=12005"}],"curies":[{"name":"wp","href":"https:\/\/api.w.org\/{rel}","templated":true}]}}