{"id":12021,"date":"2024-11-29T19:44:49","date_gmt":"2024-11-29T19:44:49","guid":{"rendered":"https:\/\/247stiri.ro\/index.php\/2024\/11\/29\/repetarea-alegerilor-poate-lasa-tara-fara-presedinte-mandatul-lui-iohannis-expira-pe-21-decembrie-cine-va-conduce-statul-pana-la-preluarea-functiei-lamuriri-de-la-un-fost-judecator-ccr\/"},"modified":"2024-11-29T19:44:49","modified_gmt":"2024-11-29T19:44:49","slug":"repetarea-alegerilor-poate-lasa-tara-fara-presedinte-mandatul-lui-iohannis-expira-pe-21-decembrie-cine-va-conduce-statul-pana-la-preluarea-functiei-lamuriri-de-la-un-fost-judecator-ccr","status":"publish","type":"post","link":"https:\/\/247stiri.ro\/index.php\/2024\/11\/29\/repetarea-alegerilor-poate-lasa-tara-fara-presedinte-mandatul-lui-iohannis-expira-pe-21-decembrie-cine-va-conduce-statul-pana-la-preluarea-functiei-lamuriri-de-la-un-fost-judecator-ccr\/","title":{"rendered":"Repetarea alegerilor poate l\u0103sa \u021bara f\u0103r\u0103 pre\u0219edinte. Mandatul lui Iohannis expir\u0103 pe 21 decembrie. Cine va conduce statul p\u00e2na la preluarea func\u021biei &#8211; l\u0103muriri de la un fost judec\u0103tor CCR"},"content":{"rendered":"<p>\u00a0O posibil\u0103 repetare a alegerilor ar putea l\u0103sa \u021bara \u00eentr-o perioad\u0103 f\u0103r\u0103 conducere oficial\u0103, ceea ce ridic\u0103 semne de \u00eentrebare asupra stabilit\u0103\u021bii politice \u0219i administrative. Petre Lazaroiu, fost judec\u0103tor al Cur\u021bii Constitu\u021bionale, a oferit, \u00eentr-o interven\u021bie la Realitatea Plus, o analiz\u0103 pertinent\u0103 asupra implica\u021biilor juridice \u0219i politice ale unei astfel de situa\u021bii, elucid\u00e2nd ce ar putea \u00eensemna pentru Rom\u00e2nia absen\u021ba unui pre\u0219edinte pe durata valid\u0103rii noului mandat \u0219i cine va conduce statul rom\u00e2n p\u00e2n\u0103 c\u00e2nd noul pre\u0219edinte \u00ee\u0219i va prelua oficial func\u021bia.\u00a0<\/p>\n<p>Realitatea Plus: Exista posibilitatea ca acest vid constitu\u021bional sa fie cumva pus in aplicare, in sensul in care sa ramanem fara presedinte o buna perioada de timp, si care vor fi consecintele?<\/p>\n<p>Petre Lazaroiu: N-as spune ca va fi un vid constitutional. Daca se anuleaza primul tur de scrutin avem ipoteza in care primul tur de scrutin va fi pe 15 decembrie, asa cum a declarat AEP, de altfel. Asta inseamna ca scrutinul se termina la 29 decembrie si apoi mai dureaza o zi doua trei pana cand se valideaza alegerea noului presedinte si va avea loc sedinta solemna a Curtii. Asta nu inseamna ca neaparat suntem intr-un vid, pentru ca pootrivit tuturor uzantelor, presedintele in functie ramane in functie pana cand noul presedinte isi preia mandatul. Faptul ca sunt cateva zile care trec peste mandtul lui Iohannis nu este nicio nenorocire.<\/p>\n<p>Realitatea Plus: Este imposibil sa se renumere toate voturile in termenul stabilit, din experienta pe care o aveti dumneavoastra?<\/p>\n<p>Petre Lazaroiu: Nu, si dovada este ca deja multe s-au pus pe treaba si sunt aproape de finalizare<\/p>\n<p><a title=\"Judecatorii CCR au amanat sedinta privind anularea primului tur al alegerilor prezidentiale pana pe 2 decembrie, dupa parlamentare\" href=\"https:\/\/www.realitatea.net\/stiri\/politica\/ccr-discuta-astazi-o-solicitare-de-anulare-a-primului-tur-al-alegerilor-prezidentiale_67495b68cbe6f60b4e7f86a7\">Judec\u0103torii CCR au am\u00e2nat \u0219edin\u021ba privind anularea primului tur al alegerilor preziden\u021biale p\u00e2n\u0103 pe 2 decembrie, dup\u0103 parlamentare<\/a><\/p>","protected":false},"excerpt":{"rendered":"<p>\u00a0O posibil\u0103 repetare a alegerilor ar putea l\u0103sa \u021bara \u00eentr-o perioad\u0103 f\u0103r\u0103 conducere oficial\u0103, ceea&hellip;<\/p>\n","protected":false},"author":0,"featured_media":12018,"comment_status":"open","ping_status":"open","sticky":false,"template":"","format":"standard","meta":{"footnotes":""},"categories":[2],"tags":[],"class_list":["post-12021","post","type-post","status-publish","format-standard","has-post-thumbnail","hentry","category-actual"],"_links":{"self":[{"href":"https:\/\/247stiri.ro\/index.php\/wp-json\/wp\/v2\/posts\/12021","targetHints":{"allow":["GET"]}}],"collection":[{"href":"https:\/\/247stiri.ro\/index.php\/wp-json\/wp\/v2\/posts"}],"about":[{"href":"https:\/\/247stiri.ro\/index.php\/wp-json\/wp\/v2\/types\/post"}],"replies":[{"embeddable":true,"href":"https:\/\/247stiri.ro\/index.php\/wp-json\/wp\/v2\/comments?post=12021"}],"version-history":[{"count":0,"href":"https:\/\/247stiri.ro\/index.php\/wp-json\/wp\/v2\/posts\/12021\/revisions"}],"wp:featuredmedia":[{"embeddable":true,"href":"https:\/\/247stiri.ro\/index.php\/wp-json\/wp\/v2\/media\/12018"}],"wp:attachment":[{"href":"https:\/\/247stiri.ro\/index.php\/wp-json\/wp\/v2\/media?parent=12021"}],"wp:term":[{"taxonomy":"category","embeddable":true,"href":"https:\/\/247stiri.ro\/index.php\/wp-json\/wp\/v2\/categories?post=12021"},{"taxonomy":"post_tag","embeddable":true,"href":"https:\/\/247stiri.ro\/index.php\/wp-json\/wp\/v2\/tags?post=12021"}],"curies":[{"name":"wp","href":"https:\/\/api.w.org\/{rel}","templated":true}]}}