{"id":12031,"date":"2024-11-29T20:44:49","date_gmt":"2024-11-29T20:44:49","guid":{"rendered":"https:\/\/247stiri.ro\/index.php\/2024\/11\/29\/trafic-blocat-pe-vala-oltului-o-stanca-s-a-prabusit-peste-un-camion-fotovideo\/"},"modified":"2024-11-29T20:44:49","modified_gmt":"2024-11-29T20:44:49","slug":"trafic-blocat-pe-vala-oltului-o-stanca-s-a-prabusit-peste-un-camion-fotovideo","status":"publish","type":"post","link":"https:\/\/247stiri.ro\/index.php\/2024\/11\/29\/trafic-blocat-pe-vala-oltului-o-stanca-s-a-prabusit-peste-un-camion-fotovideo\/","title":{"rendered":"Trafic blocat pe Vala Oltului. O st\u00e2nc\u0103 s-a pr\u0103bu\u0219it peste un camion FOTO+VIDEO"},"content":{"rendered":"<p>Inspectoratul de Poli\u021bie Jude\u021bean V\u00e2lcea informeaz\u0103 c\u0103 traficul rutier este complet blocat pe Drumul Na\u021bional 7, la kilometrul 206+500, ca urmare a unui incident cauzat de c\u0103derea unor st\u00e2nci pe carosabil.\u00a0St\u00e2ncile au lovit un autocamion care tranzita zona, \u00eens\u0103, din fericire, nu au fost raportate victime \u00een urma acestui eveniment.La fa\u021ba locului se afl\u0103 echipaje de poli\u021bie, pompieri \u0219i utilaje specializate pentru eliberarea drumului\u201d, transmite IPJ V\u00e2lcea.Ce rute alternative recomand\u0103 poli\u021bia\u00a0Pentru a evita aglomera\u021bia \u0219i \u00eent\u00e2rzierile, participan\u021bii la trafic sunt sf\u0103tui\u021bi s\u0103 utilizeze urm\u0103toarele rute alternative:\u00a0R\u00e2mnicu V\u00e2lcea \u2013 DN7 \u2013 DN7CC C\u0103lim\u0103ne\u0219ti \u2013 DJ 703G Berisl\u0103ve\u0219ti \u2013 DJ 703N D\u00e2ne\u0219ti \u2013 DN7D Pripoare \u2013 DJ 703M Cornetu \u2013 DN7 \u2013 Racovi\u021ba \u2013 Sibiu.\u201e\u0218oferii sunt ruga\u021bi s\u0103 respecte semnalizarea rutier\u0103 temporar\u0103 din zon\u0103 \u0219i indica\u021biile poli\u021bi\u0219tilor. Recomand\u0103m tuturor conduc\u0103torilor auto s\u0103 circule cu pruden\u021b\u0103 \u0219i s\u0103 adapteze viteza la condi\u021biile de drum\u201d, mai transmite IPJ V\u00e2lcea.Echipele de interven\u021bie estimeaz\u0103 c\u0103 degajarea drumului \u0219i reluarea traficului vor dura aproximativ o or\u0103.\u00a0<\/p>","protected":false},"excerpt":{"rendered":"<p>Inspectoratul de Poli\u021bie Jude\u021bean V\u00e2lcea informeaz\u0103 c\u0103 traficul rutier este complet blocat pe Drumul Na\u021bional&hellip;<\/p>\n","protected":false},"author":0,"featured_media":12032,"comment_status":"open","ping_status":"open","sticky":false,"template":"","format":"standard","meta":{"footnotes":""},"categories":[2],"tags":[],"class_list":["post-12031","post","type-post","status-publish","format-standard","has-post-thumbnail","hentry","category-actual"],"_links":{"self":[{"href":"https:\/\/247stiri.ro\/index.php\/wp-json\/wp\/v2\/posts\/12031","targetHints":{"allow":["GET"]}}],"collection":[{"href":"https:\/\/247stiri.ro\/index.php\/wp-json\/wp\/v2\/posts"}],"about":[{"href":"https:\/\/247stiri.ro\/index.php\/wp-json\/wp\/v2\/types\/post"}],"replies":[{"embeddable":true,"href":"https:\/\/247stiri.ro\/index.php\/wp-json\/wp\/v2\/comments?post=12031"}],"version-history":[{"count":0,"href":"https:\/\/247stiri.ro\/index.php\/wp-json\/wp\/v2\/posts\/12031\/revisions"}],"wp:featuredmedia":[{"embeddable":true,"href":"https:\/\/247stiri.ro\/index.php\/wp-json\/wp\/v2\/media\/12032"}],"wp:attachment":[{"href":"https:\/\/247stiri.ro\/index.php\/wp-json\/wp\/v2\/media?parent=12031"}],"wp:term":[{"taxonomy":"category","embeddable":true,"href":"https:\/\/247stiri.ro\/index.php\/wp-json\/wp\/v2\/categories?post=12031"},{"taxonomy":"post_tag","embeddable":true,"href":"https:\/\/247stiri.ro\/index.php\/wp-json\/wp\/v2\/tags?post=12031"}],"curies":[{"name":"wp","href":"https:\/\/api.w.org\/{rel}","templated":true}]}}