{"id":1204,"date":"2024-10-23T12:44:48","date_gmt":"2024-10-23T12:44:48","guid":{"rendered":"https:\/\/247stiri.ro\/index.php\/2024\/10\/23\/un-sofer-de-tir-mai-special-s-a-ratacit-in-iasi-nici-nu-stia-unde-se-afla\/"},"modified":"2024-10-23T12:44:48","modified_gmt":"2024-10-23T12:44:48","slug":"un-sofer-de-tir-mai-special-s-a-ratacit-in-iasi-nici-nu-stia-unde-se-afla","status":"publish","type":"post","link":"https:\/\/247stiri.ro\/index.php\/2024\/10\/23\/un-sofer-de-tir-mai-special-s-a-ratacit-in-iasi-nici-nu-stia-unde-se-afla\/","title":{"rendered":"Un \u0219ofer de TIR mai special. S-a r\u0103t\u0103cit \u00een Ia\u0219i: \u201eNici nu \u0219tia unde se afl\u0103\u201d"},"content":{"rendered":"<p>Un \u0219ofer polonez s-a r\u0103t\u0103cit cu TIR-ul prin centrul Ia\u0219ului, dup\u0103 ce GPS-ul i-a dat eroare. Acesta nu \u0219tia exact unde trebuie s\u0103 ajung\u0103, \u00eens\u0103 a fost oprit de poli\u021bi\u0219tii locali pentru verific\u0103ri<\/p>\n<p>Pe bulevardul \u0218tefan cel Mare din Ia\u0219i, traficul pentru ma\u0219inile de mare tonaj este strict interzis, astfel c\u0103 un TIR pe aceast\u0103 por\u021biune de drum a atras aten\u021bia imediat. Un echipaj de la Poli\u021bia Local\u0103, care era \u00een zon\u0103, a oprit imediat vehiculul \u0219i l-a legitimat pe \u0219ofer. Dup\u0103 multe ne\u00een\u021belegeri, situa\u021bia s-a rezolvat, iar \u0219oferul a reu\u0219it s\u0103 \u00ee\u0219i vad\u0103 de drum.<\/p>\n<p>\u0218oferul este un cet\u0103\u021bean de na\u021bionalitate polonez\u0103, Ricardo K., \u00een v\u00e2rst\u0103 de 35 de ani. Acesta venise din Ungaria, iar la Arad a preluat un utilaj agricol care trebuia s\u0103 \u00eel duc\u0103 undeva \u00een jude\u021bul Ia\u0219i, doar c\u0103 la intrarea \u00een ora\u0219 acesta nu a mai \u0219tiut unde se afl\u0103 \u0219i s-a r\u0103t\u0103cit. Din p\u0103cate, \u00een municipiul Ia\u0219i, pe unele str\u0103zi este permis\u00a0accesul ma\u0219inilor de mare tonaj, dar nu \u0219i \u00een centru.<\/p>\n<p>\u201ePoli\u021bi\u0219tii locali din cadrul Serviciului Siguran\u021ba Circula\u021biei au sprijinit conduc\u0103torul unui trailer \u2013 de na\u021bionalitate polonez\u0103 \u2013 care s-au r\u0103t\u0103cit \u00een zona central\u0103 a municipiului Ia\u0219i\u201d, au transmis reprezenta\u021bii Poli\u021biei Locale Ia\u0219i.<\/p>\n<p>Dup\u0103 ce a fost oprit de poli\u021bi\u0219ti, acesta \u00eencepuse s\u0103 vorbeasc\u0103 rapid \u00een polonez\u0103, \u00eens\u0103 nu \u00een\u021belegea alt\u0103 limb\u0103. \u0218oferul nici m\u0103car nu \u0219tia unde trebuie s\u0103 ajung\u0103 de fapt, pe documentele de transport destina\u021bia fiind doar localitatea \u201eTab\u0103ra\u201d.<\/p>\n<p>\u201eNoi supravegheam zona central\u0103 a ora\u0219ului c\u00e2nd am v\u0103zut deodat\u0103 cum un \u0219ofer cu un cap tractor \u0219i un trailer \u00een spate a p\u0103truns pe bulevardul \u0218tefan cel Mare \u0219i umbla nedumerit pe strad\u0103. L-am oprit de urgen\u021b\u0103 pentru a vedea ce se \u00eent\u00e2mpl\u0103 \u0219i l-am legitimat. Era un b\u0103rbat de cet\u0103\u021benie polonez\u0103, care nu \u0219tia nici rom\u00e2n\u0103, nici englez\u0103, \u0219i tot vorbea \u00een polonez\u0103 cu noi, fiind foarte agitat. I-am verificat documentele de transport \u0219i el venise din Ungaria, a preluat un utilaj agricol din Arad \u0219i ca destina\u021bie ap\u0103rea doar loca\u021bia Tab\u0103ra, dar nu era precizat jude\u021b sau comun\u0103, ceva\u201d, poveste\u0219te Victor Ciurdea, poli\u021bist local din Ia\u0219i.<\/p>\n<p>Totul s-a terminat cu bine<\/p>\n<p>\u00cen cele din urm\u0103, poli\u021bi\u0219tii au reu\u0219it s\u0103 ia leg\u0103tura cu cineva care \u0219tia despre transport, care le-a precizat exact unde trebuia s\u0103 ajung\u0103 \u0219oferul, satul Tab\u0103ra, comuna Bivolari din jude\u021bul Ia\u0219i. \u0218oferul a fost condus c\u0103tre ie\u0219irea ora\u0219ului pentru a \u00ee\u0219i continua drumul. Mul\u021bi\u00a0\u0219oferi de TIR sunt \u00eengrozi\u021bi de o por\u021biune de drum din Ia\u0219i.<\/p>\n<p>\u201eAl\u0103turi de el era \u0219i un coleg de-al s\u0103u, dar nici acesta nu vorbea englez\u0103 \u0219i \u00eencerca s\u0103 ne explice \u00een maghiar\u0103 unde trebuie s\u0103 ajung\u0103. \u00cen cele din urm\u0103, am luat leg\u0103tura cu cineva de la compania unde lucreaz\u0103 \u0219i am aflat c\u0103 trebuiau s\u0103 ajung\u0103 \u00een satul Tab\u0103ra din comuna Bivolari. \u00cen cele din urm\u0103, l-am \u00eendrumat spre bulevardul C.A. Rosetti, ca ulterior s\u0103 mearg\u0103 spre ie\u0219irea din ora\u0219, c\u0103tre destina\u021bia sa\u201d, a \u00eencheiat poli\u021bistul local Victor Ciurdea.<\/p>\n<p>\u0218oferul polonez cu siguran\u021b\u0103 nu va uita niciodat\u0103 trecerea sa prin Ia\u0219i, dup\u0103 ce s-a r\u0103t\u0103cit cu TIR-ul prin mijlocul ora\u0219ului. Din fericire, nu a avut loc niciun incident, iar for\u021bele de ordine au intervenit.<\/p>","protected":false},"excerpt":{"rendered":"<p>Un \u0219ofer polonez s-a r\u0103t\u0103cit cu TIR-ul prin centrul Ia\u0219ului, dup\u0103 ce GPS-ul i-a dat&hellip;<\/p>\n","protected":false},"author":0,"featured_media":1193,"comment_status":"open","ping_status":"open","sticky":false,"template":"","format":"standard","meta":{"footnotes":""},"categories":[2],"tags":[],"class_list":["post-1204","post","type-post","status-publish","format-standard","has-post-thumbnail","hentry","category-actual"],"_links":{"self":[{"href":"https:\/\/247stiri.ro\/index.php\/wp-json\/wp\/v2\/posts\/1204","targetHints":{"allow":["GET"]}}],"collection":[{"href":"https:\/\/247stiri.ro\/index.php\/wp-json\/wp\/v2\/posts"}],"about":[{"href":"https:\/\/247stiri.ro\/index.php\/wp-json\/wp\/v2\/types\/post"}],"replies":[{"embeddable":true,"href":"https:\/\/247stiri.ro\/index.php\/wp-json\/wp\/v2\/comments?post=1204"}],"version-history":[{"count":0,"href":"https:\/\/247stiri.ro\/index.php\/wp-json\/wp\/v2\/posts\/1204\/revisions"}],"wp:featuredmedia":[{"embeddable":true,"href":"https:\/\/247stiri.ro\/index.php\/wp-json\/wp\/v2\/media\/1193"}],"wp:attachment":[{"href":"https:\/\/247stiri.ro\/index.php\/wp-json\/wp\/v2\/media?parent=1204"}],"wp:term":[{"taxonomy":"category","embeddable":true,"href":"https:\/\/247stiri.ro\/index.php\/wp-json\/wp\/v2\/categories?post=1204"},{"taxonomy":"post_tag","embeddable":true,"href":"https:\/\/247stiri.ro\/index.php\/wp-json\/wp\/v2\/tags?post=1204"}],"curies":[{"name":"wp","href":"https:\/\/api.w.org\/{rel}","templated":true}]}}