{"id":12116,"date":"2024-11-30T08:44:52","date_gmt":"2024-11-30T08:44:52","guid":{"rendered":"https:\/\/247stiri.ro\/index.php\/2024\/11\/30\/accident-grav-in-suceava-un-barbat-a-murit-in-urma-ciocnirii-dintre-o-masina-si-un-motoscuter\/"},"modified":"2024-11-30T08:44:52","modified_gmt":"2024-11-30T08:44:52","slug":"accident-grav-in-suceava-un-barbat-a-murit-in-urma-ciocnirii-dintre-o-masina-si-un-motoscuter","status":"publish","type":"post","link":"https:\/\/247stiri.ro\/index.php\/2024\/11\/30\/accident-grav-in-suceava-un-barbat-a-murit-in-urma-ciocnirii-dintre-o-masina-si-un-motoscuter\/","title":{"rendered":"Accident grav \u00een Suceava. Un b\u0103rbat a murit, \u00een urma ciocnirii dintre o ma\u015fin\u0103 \u015fi un motoscuter"},"content":{"rendered":"<p>\u201eColiziune \u00eentre un autoturism \u015fi un motoscuter, pe raza satului Valea St\u00e2nii, comuna Vatra Moldovi\u0163ei. Au intervenit pompierii militari, cu o autospecial\u0103 cu accesorii pentru descarcerare \u015fi o ambulan\u0163\u0103 SMURD, \u015fi un echipaj al Serviciului de Ambulan\u0163\u0103 Jude\u0163ean Suceava. \u00cen sprijin, a fost trimis \u015fi echipajul SMURD TIM (Terapie Intensiv\u0103 Mobil\u0103)\u201d, anun\u0163\u0103, s\u00e2mb\u0103t\u0103, ISU Suceava.<\/p>\n<p>\u00cen urma impactului, au rezultat dou\u0103 victime, ambele de pe motoscuter.<\/p>\n<p>\u201eUna dintre victime, un b\u0103rbat de 53 de ani, a fost \u00a0g\u0103sit\u0103 \u00een stop cardio-respirator \u015fi i s-au aplicat manevre de resuscitare. Din nefericire, dup\u0103 finalizarea protocolului, a fost declarat decesul. Cea de-a doua victim\u0103, un b\u0103rbat de 31 de ani, con\u015ftient\u0103 \u015fi cooperant\u0103, a fost stabilizat\u0103 \u015fi va fi transportat\u0103 la spital, pentru investiga\u0163ii suplimentare \u015fi tratament de specialitate\u201d, a mai transmis sursa citat\u0103.<\/p>\n<p>Deocamdat\u0103, poli\u0163i\u015ftii nu au stabilit exact cum s-a produs accidentul.<\/p>","protected":false},"excerpt":{"rendered":"<p>\u201eColiziune \u00eentre un autoturism \u015fi un motoscuter, pe raza satului Valea St\u00e2nii, comuna Vatra Moldovi\u0163ei.&hellip;<\/p>\n","protected":false},"author":0,"featured_media":12117,"comment_status":"open","ping_status":"open","sticky":false,"template":"","format":"standard","meta":{"footnotes":""},"categories":[2],"tags":[],"class_list":["post-12116","post","type-post","status-publish","format-standard","has-post-thumbnail","hentry","category-actual"],"_links":{"self":[{"href":"https:\/\/247stiri.ro\/index.php\/wp-json\/wp\/v2\/posts\/12116","targetHints":{"allow":["GET"]}}],"collection":[{"href":"https:\/\/247stiri.ro\/index.php\/wp-json\/wp\/v2\/posts"}],"about":[{"href":"https:\/\/247stiri.ro\/index.php\/wp-json\/wp\/v2\/types\/post"}],"replies":[{"embeddable":true,"href":"https:\/\/247stiri.ro\/index.php\/wp-json\/wp\/v2\/comments?post=12116"}],"version-history":[{"count":0,"href":"https:\/\/247stiri.ro\/index.php\/wp-json\/wp\/v2\/posts\/12116\/revisions"}],"wp:featuredmedia":[{"embeddable":true,"href":"https:\/\/247stiri.ro\/index.php\/wp-json\/wp\/v2\/media\/12117"}],"wp:attachment":[{"href":"https:\/\/247stiri.ro\/index.php\/wp-json\/wp\/v2\/media?parent=12116"}],"wp:term":[{"taxonomy":"category","embeddable":true,"href":"https:\/\/247stiri.ro\/index.php\/wp-json\/wp\/v2\/categories?post=12116"},{"taxonomy":"post_tag","embeddable":true,"href":"https:\/\/247stiri.ro\/index.php\/wp-json\/wp\/v2\/tags?post=12116"}],"curies":[{"name":"wp","href":"https:\/\/api.w.org\/{rel}","templated":true}]}}