{"id":12118,"date":"2024-11-30T08:44:52","date_gmt":"2024-11-30T08:44:52","guid":{"rendered":"https:\/\/247stiri.ro\/index.php\/2024\/11\/30\/restrictii-de-trafic-in-bucuresti-de-1-decembrie-2024-ce-rute-alternative-au-soferii\/"},"modified":"2024-11-30T08:44:52","modified_gmt":"2024-11-30T08:44:52","slug":"restrictii-de-trafic-in-bucuresti-de-1-decembrie-2024-ce-rute-alternative-au-soferii","status":"publish","type":"post","link":"https:\/\/247stiri.ro\/index.php\/2024\/11\/30\/restrictii-de-trafic-in-bucuresti-de-1-decembrie-2024-ce-rute-alternative-au-soferii\/","title":{"rendered":"Restric\u021bii de trafic \u00een Bucure\u0219ti de 1 decembrie 2024: Ce rute alternative au \u0219oferii"},"content":{"rendered":"<p>Programul paradei de 1 decembrie 2024<\/p>\n<p>6:00-11:00: Ceremonie militar\u0103 \u0219i religioas\u0103 cu depunere de coroane la Monumentul Osta\u0219ului Necunoscut din Parcul Carol I.10:00: Parada Militar\u0103 Na\u021bional\u0103 \u00een Pia\u021ba Arcul de Triumf.11:30: Expozi\u021bie de tehnic\u0103 militar\u0103 \u00een Pia\u021ba Arcul de Triumf.19:00-22:00: Solemnitatea retragerii cu tor\u021be pe un traseu ce include principalele bulevarde din ora\u0219.<\/p>\n<p>Restric\u021bii de trafic anun\u021bate<\/p>\n<p>Perioada 26 noiembrie &#8211; 1 decembrie 2024:<\/p>\n<p>\u00cenchiderea alveolei din sta\u021bia STB Pia\u021ba Arcul de Triumf pentru amplasarea echipamentelor de sonorizare.<\/p>\n<p>Restric\u021bii pe Bd. Regele Mihai I \u0219i \u0218os. Kiseleff \u00eentre Pia\u021ba Presei Libere \u0219i Pia\u021ba Victoriei.<\/p>\n<p>30 noiembrie (Repeti\u021bia General\u0103):<\/p>\n<p>Restric\u021bii \u00eentre orele 02:00-17:00 pe \u0218os. Pavel D. Kiseleff \u0219i str\u0103zile adiacente, precum \u0219i pe Bd. Mare\u0219al Constantin Prezan, \u00eentre Pia\u021ba Charles de Gaulle \u0219i Pia\u021ba Arcul de Triumf.<\/p>\n<p>Interdic\u021bii de trafic pe str\u0103zile Alexandru Constantinescu, Arh. Ion Mincu, Barbu Delavrancea \u0219i altele din apropierea Arcului de Triumf.1 decembrie (Ziua Paradei):<\/p>\n<p>Trafic interzis \u00eentre orele 02:00-17:00 pe acelea\u0219i artere afectate \u00een timpul repeti\u021biilor.<\/p>\n<p>Restric\u021bii suplimentare pentru pietoni pe trotuare \u0219i \u00een parcul Regele Mihai I \u00een intervalul 04:00-14:00.<\/p>\n<p>\u00cen intervalul 19:00-22:00, traficul va fi restric\u021bionat pe traseul solemn al retragerii cu tor\u021be.<\/p>\n<p>Rute ocolitoare recomandate de Poli\u021bia Rutier\u0103<\/p>\n<p>Pentru a evita zonele aglomerate, \u0219oferii sunt sf\u0103tui\u021bi s\u0103 utilizeze urm\u0103toarele trasee alternative:<\/p>\n<p>\u0218os. Bucure\u0219ti-Ploie\u0219ti \u2013 Pia\u021ba Presei Libere \u2013 Pia\u021ba Montreal \u2013 Bd. M\u0103r\u0103\u0219ti \u2013 Str. Turda \u2013 Bd. Ion Mihalache \u2013 Pia\u021ba Victoriei.Pia\u021ba Presei Libere \u2013 Pia\u021ba Montreal \u2013 Bd. M\u0103r\u0103\u0219ti \u2013 Str. Turda \u2013 Podul Grant.Pia\u021ba Victoriei \u2013 Bd. Aviatorilor \u2013 Bd. Nicolae Caramfil \u2013 Bd. Aerog\u0103rii \u2013 \u0218os. Bucure\u0219ti-Ploie\u0219ti.\u0218os. \u0218tefan cel Mare \u2013 Str. Barbu V\u0103c\u0103rescu \u2013 Bd. Aerog\u0103rii \u2013 \u0218os. Bucure\u0219ti-Ploie\u0219ti.<\/p>\n<p>Autorit\u0103\u021bile recomand\u0103 locuitorilor \u0219i vizitatorilor s\u0103 utilizeze mijloacele de transport \u00een comun pentru a evita dificult\u0103\u021bile de trafic. De asemenea, pietonii sunt sf\u0103tui\u021bi s\u0103 respecte semnaliz\u0103rile \u0219i indica\u021biile organizatorilor pe toat\u0103 durata evenimentului.<\/p>\n<p><a href=\"https:\/\/www.realitatea.net\/stiri\/lifestyle\/secretul-fasolei-cu-carnati-de-1-decembrie-care-este-ingredientul-minune_67499b6e3aaf4c35e62bfa6a\" target=\"_blank\">Parada de 1 Decembrie<\/a> r\u0103m\u00e2ne un moment de m\u00e2ndrie na\u021bional\u0103, iar m\u0103surile luate urm\u0103resc s\u0103 asigure desf\u0103\u0219urarea \u00een siguran\u021b\u0103 a acestui <a href=\"https:\/\/www.realitatea.net\/stiri\/mediu\/prognoza-meteo-pentru-1-decembrie-cum-va-fi-vremea-in-ziua-nationala-si-ziua-alegerilor-parlamentare_67486b7248821b2b6d298c53\" target=\"_blank\">eveniment de amploare.<\/a><\/p>","protected":false},"excerpt":{"rendered":"<p>Programul paradei de 1 decembrie 2024 6:00-11:00: Ceremonie militar\u0103 \u0219i religioas\u0103 cu depunere de coroane&hellip;<\/p>\n","protected":false},"author":0,"featured_media":12119,"comment_status":"open","ping_status":"open","sticky":false,"template":"","format":"standard","meta":{"footnotes":""},"categories":[2],"tags":[],"class_list":["post-12118","post","type-post","status-publish","format-standard","has-post-thumbnail","hentry","category-actual"],"_links":{"self":[{"href":"https:\/\/247stiri.ro\/index.php\/wp-json\/wp\/v2\/posts\/12118","targetHints":{"allow":["GET"]}}],"collection":[{"href":"https:\/\/247stiri.ro\/index.php\/wp-json\/wp\/v2\/posts"}],"about":[{"href":"https:\/\/247stiri.ro\/index.php\/wp-json\/wp\/v2\/types\/post"}],"replies":[{"embeddable":true,"href":"https:\/\/247stiri.ro\/index.php\/wp-json\/wp\/v2\/comments?post=12118"}],"version-history":[{"count":0,"href":"https:\/\/247stiri.ro\/index.php\/wp-json\/wp\/v2\/posts\/12118\/revisions"}],"wp:featuredmedia":[{"embeddable":true,"href":"https:\/\/247stiri.ro\/index.php\/wp-json\/wp\/v2\/media\/12119"}],"wp:attachment":[{"href":"https:\/\/247stiri.ro\/index.php\/wp-json\/wp\/v2\/media?parent=12118"}],"wp:term":[{"taxonomy":"category","embeddable":true,"href":"https:\/\/247stiri.ro\/index.php\/wp-json\/wp\/v2\/categories?post=12118"},{"taxonomy":"post_tag","embeddable":true,"href":"https:\/\/247stiri.ro\/index.php\/wp-json\/wp\/v2\/tags?post=12118"}],"curies":[{"name":"wp","href":"https:\/\/api.w.org\/{rel}","templated":true}]}}