{"id":12120,"date":"2024-11-30T08:44:52","date_gmt":"2024-11-30T08:44:52","guid":{"rendered":"https:\/\/247stiri.ro\/index.php\/2024\/11\/30\/incident-grav-in-cluj-a-fost-nevoie-de-interventia-fortelor-speciale\/"},"modified":"2024-11-30T08:44:52","modified_gmt":"2024-11-30T08:44:52","slug":"incident-grav-in-cluj-a-fost-nevoie-de-interventia-fortelor-speciale","status":"publish","type":"post","link":"https:\/\/247stiri.ro\/index.php\/2024\/11\/30\/incident-grav-in-cluj-a-fost-nevoie-de-interventia-fortelor-speciale\/","title":{"rendered":"Incident grav \u00een Cluj. A fost nevoie de interven\u021bia for\u021belor speciale"},"content":{"rendered":"<p>\u201eLa data de 28 noiembrie a.c., \u00een jurul orei 17.25, poli\u0163i\u015ftii din cadrul Poli\u0163iei municipiului Gherla au fost sesiza\u0163i, prin intermediul unui apel 112, despre producerea unui conflict spontan pe strada Pescarilor din municipiul Gherla.<\/p>\n<p>La fa\u0163a locului s-au deplasat echipaje de poli\u0163ie din cadrul Poli\u0163iei municipiului Gherla \u015fi efective din cadrul Serviciului pentru Ac\u0163iuni Speciale, pentru aplanarea conflictului\u201d, a transmis, s\u00e2mb\u0103t\u0103, IPJ Cluj.<\/p>\n<p>Potrivit news.ro, un b\u0103rbat de 46 de ani a ajuns la spital.<\/p>\n<p>\u00cen scandal au fost implicate mai multe\u00a0persoane, cu v\u00e2rste cuprinse \u00eentre 20 \u015fi 47 de ani.<\/p>\n<p>\u201e\u00cen urma evenimentului, mai multe persoane au fost conduse la sediul poli\u0163iei pentru verific\u0103ri, stabilirea situa\u0163iei de fapt \u015fi luarea m\u0103surilor legale ce se impun. De asemenea, un b\u0103rbat de 46 de ani, a fost transportat la spital pentru acordarea \u00eengrijirilor medicale\u201d, a mai transmis Poli\u0163ia.<\/p>\n<p>Ulterior, un t\u00e2n\u0103r de 21 de ani a fost re\u0163inut, fiind introdus \u00een Centrul de Re\u0163inere \u015fi Arestare Preventiv\u0103.<\/p>\n<p>\u201eTotodat\u0103, fa\u0163\u0103 de alte 8 persoane, implicate \u00een starea conflictual\u0103, poli\u0163i\u015ftii au aplicat m\u0103suri de sanc\u0163ionare contraven\u0163ional\u0103 \u00een conformitate cu prevederile Legii 61\/1991 R, \u00een cuantum total de 4.000 de lei, pentru provocarea sau participarea efectiv\u0103 la scandal, \u00een locuri sau localuri publice\u201d, a mai transmis sursa citat\u0103.<\/p>","protected":false},"excerpt":{"rendered":"<p>\u201eLa data de 28 noiembrie a.c., \u00een jurul orei 17.25, poli\u0163i\u015ftii din cadrul Poli\u0163iei municipiului&hellip;<\/p>\n","protected":false},"author":0,"featured_media":12121,"comment_status":"open","ping_status":"open","sticky":false,"template":"","format":"standard","meta":{"footnotes":""},"categories":[2],"tags":[],"class_list":["post-12120","post","type-post","status-publish","format-standard","has-post-thumbnail","hentry","category-actual"],"_links":{"self":[{"href":"https:\/\/247stiri.ro\/index.php\/wp-json\/wp\/v2\/posts\/12120","targetHints":{"allow":["GET"]}}],"collection":[{"href":"https:\/\/247stiri.ro\/index.php\/wp-json\/wp\/v2\/posts"}],"about":[{"href":"https:\/\/247stiri.ro\/index.php\/wp-json\/wp\/v2\/types\/post"}],"replies":[{"embeddable":true,"href":"https:\/\/247stiri.ro\/index.php\/wp-json\/wp\/v2\/comments?post=12120"}],"version-history":[{"count":0,"href":"https:\/\/247stiri.ro\/index.php\/wp-json\/wp\/v2\/posts\/12120\/revisions"}],"wp:featuredmedia":[{"embeddable":true,"href":"https:\/\/247stiri.ro\/index.php\/wp-json\/wp\/v2\/media\/12121"}],"wp:attachment":[{"href":"https:\/\/247stiri.ro\/index.php\/wp-json\/wp\/v2\/media?parent=12120"}],"wp:term":[{"taxonomy":"category","embeddable":true,"href":"https:\/\/247stiri.ro\/index.php\/wp-json\/wp\/v2\/categories?post=12120"},{"taxonomy":"post_tag","embeddable":true,"href":"https:\/\/247stiri.ro\/index.php\/wp-json\/wp\/v2\/tags?post=12120"}],"curies":[{"name":"wp","href":"https:\/\/api.w.org\/{rel}","templated":true}]}}