{"id":12123,"date":"2024-11-30T08:44:53","date_gmt":"2024-11-30T08:44:53","guid":{"rendered":"https:\/\/247stiri.ro\/index.php\/2024\/11\/30\/sotia-unui-fost-deputat-s-a-paruit-cu-o-colega-pentru-un-loc-de-parcare-in-curtea-unui-spital\/"},"modified":"2024-11-30T08:44:53","modified_gmt":"2024-11-30T08:44:53","slug":"sotia-unui-fost-deputat-s-a-paruit-cu-o-colega-pentru-un-loc-de-parcare-in-curtea-unui-spital","status":"publish","type":"post","link":"https:\/\/247stiri.ro\/index.php\/2024\/11\/30\/sotia-unui-fost-deputat-s-a-paruit-cu-o-colega-pentru-un-loc-de-parcare-in-curtea-unui-spital\/","title":{"rendered":"So\u021bia unui fost deputat s-a p\u0103ruit cu o coleg\u0103 pentru un loc de parcare, \u00een curtea unui spital"},"content":{"rendered":"<p>Raluca Neagu Movil\u0103, so\u021bia fostului deputat Petru Movil\u0103, a s\u0103rit la b\u0103taie la o coleg\u0103, dup\u0103 ce i-a repro\u0219at c\u0103 i-ar fi ocupat locul de parcare din curtea Spitalului Sf\u00e2ntul Spiridon.\u00a0<\/p>\n<p>Evenimentul s-a \u00eent\u00e2mplat joi, fiind necesar\u0103 in interven\u021bia poli\u021biei. Victima doctori\u021bei Movil\u0103 este Otilia Obad\u0103, medic oftalmolog \u00een acela\u0219i spital.<\/p>\n<p>\u201dLa data de 27 noiembrie a.c., poli\u021bi\u0219tii Sec\u021biei nr. 3 Poli\u021bie Ia\u0219i au fost sesiza\u021bi cu privire la o agresiune fizic\u0103. Din cercet\u0103rile efectuate p\u00e2n\u0103 \u00een prezent, s-a constatat faptul c\u0103, pe fondul unui conflict spontan, o femeie de 38 de ani ar fi fost agresat\u0103 fizic de c\u0103tre o alt\u0103 femeie. \u00cen cauz\u0103 a fost \u00eentocmit dosar penal sub aspectul s\u0103v\u00e2r\u0219irii infrac\u021biunii de purtare abuziv\u0103, iar cercet\u0103rile sunt continuate pentru stabilirea \u00eentregii situa\u021bii de fapt\u201d, a transmis IPJ Ia\u0219i.<\/p>\n<p>Contactate telefonic de ziarul dezvaluirea.ro, cele dou\u0103 doctori\u021be nu au vrut s\u0103 comenteze. \u201dNu dau declara\u021bii, sunt la serviciu\u201d, a spus Otilia Obad\u0103. \u201dDoamna Obad\u0103 are probleme psihice, \u0219tie tot spitalul. Alte comentarii nu \u00a0vreau s\u0103 fac\u201d, a spus Raluca Neagu Movil\u0103.<\/p>","protected":false},"excerpt":{"rendered":"<p>Raluca Neagu Movil\u0103, so\u021bia fostului deputat Petru Movil\u0103, a s\u0103rit la b\u0103taie la o coleg\u0103,&hellip;<\/p>\n","protected":false},"author":0,"featured_media":12124,"comment_status":"open","ping_status":"open","sticky":false,"template":"","format":"standard","meta":{"footnotes":""},"categories":[2],"tags":[],"class_list":["post-12123","post","type-post","status-publish","format-standard","has-post-thumbnail","hentry","category-actual"],"_links":{"self":[{"href":"https:\/\/247stiri.ro\/index.php\/wp-json\/wp\/v2\/posts\/12123","targetHints":{"allow":["GET"]}}],"collection":[{"href":"https:\/\/247stiri.ro\/index.php\/wp-json\/wp\/v2\/posts"}],"about":[{"href":"https:\/\/247stiri.ro\/index.php\/wp-json\/wp\/v2\/types\/post"}],"replies":[{"embeddable":true,"href":"https:\/\/247stiri.ro\/index.php\/wp-json\/wp\/v2\/comments?post=12123"}],"version-history":[{"count":0,"href":"https:\/\/247stiri.ro\/index.php\/wp-json\/wp\/v2\/posts\/12123\/revisions"}],"wp:featuredmedia":[{"embeddable":true,"href":"https:\/\/247stiri.ro\/index.php\/wp-json\/wp\/v2\/media\/12124"}],"wp:attachment":[{"href":"https:\/\/247stiri.ro\/index.php\/wp-json\/wp\/v2\/media?parent=12123"}],"wp:term":[{"taxonomy":"category","embeddable":true,"href":"https:\/\/247stiri.ro\/index.php\/wp-json\/wp\/v2\/categories?post=12123"},{"taxonomy":"post_tag","embeddable":true,"href":"https:\/\/247stiri.ro\/index.php\/wp-json\/wp\/v2\/tags?post=12123"}],"curies":[{"name":"wp","href":"https:\/\/api.w.org\/{rel}","templated":true}]}}