{"id":12127,"date":"2024-11-30T08:44:54","date_gmt":"2024-11-30T08:44:54","guid":{"rendered":"https:\/\/247stiri.ro\/index.php\/2024\/11\/30\/urmeaza-ultima-minivacanta-pentru-romani-in-acest-an-cate-zile-libere-legale-vor-avea-la-inceputul-lui-2025\/"},"modified":"2024-11-30T08:44:54","modified_gmt":"2024-11-30T08:44:54","slug":"urmeaza-ultima-minivacanta-pentru-romani-in-acest-an-cate-zile-libere-legale-vor-avea-la-inceputul-lui-2025","status":"publish","type":"post","link":"https:\/\/247stiri.ro\/index.php\/2024\/11\/30\/urmeaza-ultima-minivacanta-pentru-romani-in-acest-an-cate-zile-libere-legale-vor-avea-la-inceputul-lui-2025\/","title":{"rendered":"Urmeaz\u0103 ultima minivacan\u021b\u0103 pentru rom\u00e2ni \u00een acest an. C\u00e2te zile libere legale vor avea la \u00eenceputul lui 2025"},"content":{"rendered":"<p>Din calendarul zilelor libere \u00een 2024, au mai r\u0103mas patru, \u00eens\u0103 dou\u0103 dintre ele pic\u0103 \u00een weekend.<\/p>\n<p>&#8211; 30 noiembrie, de Sf\u00e2ntul Andrei (s\u00e2mb\u0103t\u0103)<\/p>\n<p>&#8211; 1 decembrie, de Ziua Na\u021bional\u0103 a Rom\u00e2niei (duminic\u0103)<\/p>\n<p>&#8211; 25 decembrie, prima zi de Cr\u0103ciun (miercuri)<\/p>\n<p>&#8211; 26 decembrie, a doua zi de Cr\u0103ciun (joi)<\/p>\n<p>Pentru c\u0103, anul acesta, Cr\u0103ciunul pic\u0103 spre final de s\u0103pt\u0103m\u00e2n\u0103, Guvernul a decis ca \u0219i ziua de vineri, 27 decembrie, s\u0103 fie liber\u0103, urm\u00e2nd s\u0103 se recupereze ulterior.<\/p>\n<p>Potrivit Codului Muncii, zilele de s\u0103rb\u0103toare legal\u0103 nu se recupereaz\u0103, ci sunt zile libere pl\u0103tite, oferite de stat.<\/p>\n<p>Zile libere la \u00eenceputul lui 2025<\/p>\n<p>Ziua de 31 decembrie nu este zi liber\u0103 legal, \u00eens\u0103 1 \u0219i 2 ianuarie 2025 (miercuri \u0219i joi) sunt zile libere.<\/p>\n<p>Rom\u00e2nii vor avea alte dou\u0103 zile libere de Boboteaz\u0103 (luni, 6 ianuarie) \u0219i de Sf\u00e2ntul Ioan Botez\u0103torul (mar\u021bi, 7 ianuarie).<\/p>\n<p>Astfel, dac\u0103 \u00ee\u0219i vor lua liber \u0219i pe 3 ianuarie (vineri), angaja\u021bii se vor mai putea bucura de o minivacan\u021b\u0103 prelungit\u0103 la \u00eenceputul anului 2025.<\/p>\n<p>Potrivit legisla\u021biei, angajatorul este obligat s\u0103 acorde zilele libere legale salaria\u021bilor, dar sunt \u0219i excep\u021bii pentru persoanele care nu-\u0219i pot \u00eentrerupe activitatea. \u00cen acest caz, prin regulamentul intern, angaja\u021bii pot primi alte zile libere.<\/p>","protected":false},"excerpt":{"rendered":"<p>Din calendarul zilelor libere \u00een 2024, au mai r\u0103mas patru, \u00eens\u0103 dou\u0103 dintre ele pic\u0103&hellip;<\/p>\n","protected":false},"author":0,"featured_media":12128,"comment_status":"open","ping_status":"open","sticky":false,"template":"","format":"standard","meta":{"footnotes":""},"categories":[2],"tags":[],"class_list":["post-12127","post","type-post","status-publish","format-standard","has-post-thumbnail","hentry","category-actual"],"_links":{"self":[{"href":"https:\/\/247stiri.ro\/index.php\/wp-json\/wp\/v2\/posts\/12127","targetHints":{"allow":["GET"]}}],"collection":[{"href":"https:\/\/247stiri.ro\/index.php\/wp-json\/wp\/v2\/posts"}],"about":[{"href":"https:\/\/247stiri.ro\/index.php\/wp-json\/wp\/v2\/types\/post"}],"replies":[{"embeddable":true,"href":"https:\/\/247stiri.ro\/index.php\/wp-json\/wp\/v2\/comments?post=12127"}],"version-history":[{"count":0,"href":"https:\/\/247stiri.ro\/index.php\/wp-json\/wp\/v2\/posts\/12127\/revisions"}],"wp:featuredmedia":[{"embeddable":true,"href":"https:\/\/247stiri.ro\/index.php\/wp-json\/wp\/v2\/media\/12128"}],"wp:attachment":[{"href":"https:\/\/247stiri.ro\/index.php\/wp-json\/wp\/v2\/media?parent=12127"}],"wp:term":[{"taxonomy":"category","embeddable":true,"href":"https:\/\/247stiri.ro\/index.php\/wp-json\/wp\/v2\/categories?post=12127"},{"taxonomy":"post_tag","embeddable":true,"href":"https:\/\/247stiri.ro\/index.php\/wp-json\/wp\/v2\/tags?post=12127"}],"curies":[{"name":"wp","href":"https:\/\/api.w.org\/{rel}","templated":true}]}}