{"id":12144,"date":"2024-11-30T09:45:08","date_gmt":"2024-11-30T09:45:08","guid":{"rendered":"https:\/\/247stiri.ro\/index.php\/2024\/11\/30\/incident-grav-in-arges-un-barbat-de-36-de-ani-a-disparut-in-timp-ce-se-afla-in-drum-spre-pitesti\/"},"modified":"2024-11-30T09:45:08","modified_gmt":"2024-11-30T09:45:08","slug":"incident-grav-in-arges-un-barbat-de-36-de-ani-a-disparut-in-timp-ce-se-afla-in-drum-spre-pitesti","status":"publish","type":"post","link":"https:\/\/247stiri.ro\/index.php\/2024\/11\/30\/incident-grav-in-arges-un-barbat-de-36-de-ani-a-disparut-in-timp-ce-se-afla-in-drum-spre-pitesti\/","title":{"rendered":"Incident grav \u00een Arge\u0219. Un b\u0103rbat de 36 de ani a disp\u0103rut, \u00een timp ce se afla \u00een drum spre Pite\u0219ti"},"content":{"rendered":"<p>B\u0103rbatul nu a mai disp\u0103rut \u00een trecut \u0219i este cunoscut cu afec\u021biuni medicale de natura psihic\u0103.<\/p>\n<p>Conform presei locale, \u00een prezent poli\u021bi\u0219tii desf\u0103\u0219oar\u0103 activit\u0103\u021bi pentru g\u0103sirea b\u0103rbatului, fiind transmise semnalmentele acestuia at\u00e2t la nivelul celorlalte structuri din cadrul Inspectoratului Jude\u021bean de Poli\u021bie Arge\u0219 \u0219i altor structuri cu atribu\u021bii de legitimare a persoanelor &#8211; jandarmi \u0219i poli\u021bi\u0219ti locali.<\/p>\n<p>Semnalmente: 1,80 m. \u00een\u0103l\u021bime, aproximativ 75-80kg, p\u0103r \u0219aten, scurt, ochi c\u0103prui.<\/p>\n<p>Vestimenta\u021bie la momentul plec\u0103rii: geac\u0103 gri din f\u00e2\u0219 cu glug\u0103, adida\u0219i albi, pantaloni de trening gri, fes de culoare negru, tatuaj pe g\u00e2t \u00een partea st\u00e2ng\u0103 cu textul \u201cAVGY\u201d.<\/p>\n<p>Persoanele care pot da rela\u021bii cu privire la persoana \u00een cauz\u0103 sunt rugate s\u0103 apeleze Serviciul Na\u021bional Unic Apeluri de Urgen\u021b\u0103 112 sau Poli\u021bia Municipiului Pite\u0219ti, la telefon (0248) 607 009.<\/p>","protected":false},"excerpt":{"rendered":"<p>B\u0103rbatul nu a mai disp\u0103rut \u00een trecut \u0219i este cunoscut cu afec\u021biuni medicale de natura&hellip;<\/p>\n","protected":false},"author":0,"featured_media":12145,"comment_status":"open","ping_status":"open","sticky":false,"template":"","format":"standard","meta":{"footnotes":""},"categories":[2],"tags":[],"class_list":["post-12144","post","type-post","status-publish","format-standard","has-post-thumbnail","hentry","category-actual"],"_links":{"self":[{"href":"https:\/\/247stiri.ro\/index.php\/wp-json\/wp\/v2\/posts\/12144","targetHints":{"allow":["GET"]}}],"collection":[{"href":"https:\/\/247stiri.ro\/index.php\/wp-json\/wp\/v2\/posts"}],"about":[{"href":"https:\/\/247stiri.ro\/index.php\/wp-json\/wp\/v2\/types\/post"}],"replies":[{"embeddable":true,"href":"https:\/\/247stiri.ro\/index.php\/wp-json\/wp\/v2\/comments?post=12144"}],"version-history":[{"count":0,"href":"https:\/\/247stiri.ro\/index.php\/wp-json\/wp\/v2\/posts\/12144\/revisions"}],"wp:featuredmedia":[{"embeddable":true,"href":"https:\/\/247stiri.ro\/index.php\/wp-json\/wp\/v2\/media\/12145"}],"wp:attachment":[{"href":"https:\/\/247stiri.ro\/index.php\/wp-json\/wp\/v2\/media?parent=12144"}],"wp:term":[{"taxonomy":"category","embeddable":true,"href":"https:\/\/247stiri.ro\/index.php\/wp-json\/wp\/v2\/categories?post=12144"},{"taxonomy":"post_tag","embeddable":true,"href":"https:\/\/247stiri.ro\/index.php\/wp-json\/wp\/v2\/tags?post=12144"}],"curies":[{"name":"wp","href":"https:\/\/api.w.org\/{rel}","templated":true}]}}