{"id":12168,"date":"2024-11-30T10:46:09","date_gmt":"2024-11-30T10:46:09","guid":{"rendered":"https:\/\/247stiri.ro\/index.php\/2024\/11\/30\/ora-21-00-editie-speciala-culisele-statului-paralel-anca-alexandrescu-asculta-povestile-romanilor-care-vor-sa-schimbe-soarta-tarii\/"},"modified":"2024-11-30T10:46:09","modified_gmt":"2024-11-30T10:46:09","slug":"ora-21-00-editie-speciala-culisele-statului-paralel-anca-alexandrescu-asculta-povestile-romanilor-care-vor-sa-schimbe-soarta-tarii","status":"publish","type":"post","link":"https:\/\/247stiri.ro\/index.php\/2024\/11\/30\/ora-21-00-editie-speciala-culisele-statului-paralel-anca-alexandrescu-asculta-povestile-romanilor-care-vor-sa-schimbe-soarta-tarii\/","title":{"rendered":"Ora 21.00 &#8211; Edi\u021bie special\u0103 Culisele Statului Paralel. Anca Alexandrescu ascult\u0103 pove\u0219tile rom\u00e2nilor care vor s\u0103 schimbe soarta \u021b\u0103rii"},"content":{"rendered":"<p>\u201eEste dorin\u021ba mea de a fi \u0219i ast\u0103zi al\u0103turi de rom\u00e2ni. Am v\u0103zut audien\u021bele de asear\u0103. Am v\u0103zut num\u0103rul mare de rom\u00e2ni de pe re\u021bele de socializare. Postarea mea de ieri a dep\u0103\u0219it 1,1 milioane de vizualiz\u0103ri. Cred c\u0103 este datoria mea de mam\u0103, de rom\u00e2nc\u0103, de om care duce mai departe ceva, ceea ce au f\u0103cut \u0219i tat\u0103l meu \u0219i bunicul meu, ca ast\u0103zi s\u0103 fiu din nou al\u0103turi de rom\u00e2ni de la ora 21.00, pentru c\u0103 trebuie s\u0103 \u021binem inimile sus, inimile pentru rom\u00e2ni. Au nevoie de noi s\u0103 st\u0103m \u00een spatele lor \u0219i s\u0103 \u021binem steagul sus al\u0103turi de ei, s\u0103 ar\u0103t\u0103m c\u0103 suntem mul\u021bi, c\u0103 suntem puternici, c\u0103 vocea noastr\u0103 se aude peste tot.<\/p>\n<p>S-a auzit, rom\u00e2nii s-au trezit. Ce poate fi mai frumos sau ce poate fi mai semnificativ, dec\u00e2t faptul c\u0103, iat\u0103, politicienii no\u0219tri s-au g\u00e2ndit s\u0103 pun\u0103 alegerile \u00eentr-o zi mare, ziua Unirii, 1 decembrie. Aici este o vorb\u0103, ai grij\u0103 ce-\u021bi dore\u0219ti, c\u0103 s-ar putea s\u0103 \u021bi se \u00eent\u00e2mple. Nu cred c\u0103 s-au g\u00e2ndit c\u0103 acest moment ne va uni at\u00e2t de frumos, a\u0219a cum se \u00eent\u00e2mpl\u0103 \u00een aceste zile. Mai mult de at\u00e2t, ast\u0103zi este Sf\u00e2ntul Andrei. Este o s\u0103rb\u0103toare extrem de important\u0103 pentru Rom\u00e2nia, pentru c\u0103 Sf\u00e2ntul Andrei este cel care a venit \u0219i a r\u0103sp\u00e2ndit cuv\u00e2ntul Domnului \u00een Rom\u00e2nia, \u00een Dobrogea. Mul\u021bi rom\u00e2ni merg \u00een pelerinaj la Pe\u0219tera Sf\u00e2ntului Andrei. Deci, ast\u0103zi este un moment pe care trebuie s\u0103-l maximiz\u0103m. Sufletul \u0219i inima rom\u00e2nilor vibreaz\u0103.<\/p>\n<p>Da, ei sunt aici, sunt al\u0103turi de Rom\u00e2nia. Fie c\u0103 sunt \u00een interiorul \u021b\u0103rii, fie c\u0103 sunt \u00een diaspor\u0103, iar noi trebuie s\u0103-i ajut\u0103m s\u0103 \u021bin\u0103 inimile sus. A\u0219a c\u0103, \u00een aceast\u0103 sear\u0103, de la ora 21.00, voi face o edi\u021bie special\u0103 de data aceasta.<\/p>\n<p>Da, trebuie s\u0103 mergem pe drumul pro-european, s\u0103 mergem pe drumul NATO, dar cu fruntea sus, nu \u00een genunchi, a\u0219a cum ei o fac de foarte mul\u021bi ani de zile.\u00a0<\/p>\n<p>\u0218i am s\u0103 v\u0103 ar\u0103t \u00een aceast\u0103 sear\u0103 un experiment extraordinar, cum func\u021bioneaz\u0103 mintea uman\u0103 atunci c\u00e2nd mul\u021bimea spune c\u0103 verdele este ro\u0219u. O s\u0103 vede\u021bi, este o provocare \u0219i o surpriz\u0103, o edi\u021bie de excep\u021bie \u00een aceast\u0103 sear\u0103. Pentru rom\u00e2ni, din partea mea, chiar dac\u0103 este o zi liber\u0103, vreau s\u0103 mi-o petrec \u00eempreun\u0103 cu ei\u201d, a spus Anca Alexandrescu.<\/p>","protected":false},"excerpt":{"rendered":"<p>\u201eEste dorin\u021ba mea de a fi \u0219i ast\u0103zi al\u0103turi de rom\u00e2ni. Am v\u0103zut audien\u021bele de&hellip;<\/p>\n","protected":false},"author":0,"featured_media":12169,"comment_status":"open","ping_status":"open","sticky":false,"template":"","format":"standard","meta":{"footnotes":""},"categories":[2],"tags":[],"class_list":["post-12168","post","type-post","status-publish","format-standard","has-post-thumbnail","hentry","category-actual"],"_links":{"self":[{"href":"https:\/\/247stiri.ro\/index.php\/wp-json\/wp\/v2\/posts\/12168","targetHints":{"allow":["GET"]}}],"collection":[{"href":"https:\/\/247stiri.ro\/index.php\/wp-json\/wp\/v2\/posts"}],"about":[{"href":"https:\/\/247stiri.ro\/index.php\/wp-json\/wp\/v2\/types\/post"}],"replies":[{"embeddable":true,"href":"https:\/\/247stiri.ro\/index.php\/wp-json\/wp\/v2\/comments?post=12168"}],"version-history":[{"count":0,"href":"https:\/\/247stiri.ro\/index.php\/wp-json\/wp\/v2\/posts\/12168\/revisions"}],"wp:featuredmedia":[{"embeddable":true,"href":"https:\/\/247stiri.ro\/index.php\/wp-json\/wp\/v2\/media\/12169"}],"wp:attachment":[{"href":"https:\/\/247stiri.ro\/index.php\/wp-json\/wp\/v2\/media?parent=12168"}],"wp:term":[{"taxonomy":"category","embeddable":true,"href":"https:\/\/247stiri.ro\/index.php\/wp-json\/wp\/v2\/categories?post=12168"},{"taxonomy":"post_tag","embeddable":true,"href":"https:\/\/247stiri.ro\/index.php\/wp-json\/wp\/v2\/tags?post=12168"}],"curies":[{"name":"wp","href":"https:\/\/api.w.org\/{rel}","templated":true}]}}