{"id":12179,"date":"2024-11-30T11:44:48","date_gmt":"2024-11-30T11:44:48","guid":{"rendered":"https:\/\/247stiri.ro\/index.php\/2024\/11\/30\/primele-judete-in-care-s-a-incheiat-renumararea-voturilor-clipe-cruciale-pana-la-decizia-privind-validarea-votului-la-prezidentiale\/"},"modified":"2024-11-30T11:44:48","modified_gmt":"2024-11-30T11:44:48","slug":"primele-judete-in-care-s-a-incheiat-renumararea-voturilor-clipe-cruciale-pana-la-decizia-privind-validarea-votului-la-prezidentiale","status":"publish","type":"post","link":"https:\/\/247stiri.ro\/index.php\/2024\/11\/30\/primele-judete-in-care-s-a-incheiat-renumararea-voturilor-clipe-cruciale-pana-la-decizia-privind-validarea-votului-la-prezidentiale\/","title":{"rendered":"Primele jude\u021be \u00een care s-a \u00eencheiat renum\u0103rarea voturilor! Clipe cruciale p\u00e2n\u0103 la decizia privind validarea votului la preziden\u021biale"},"content":{"rendered":"<p>Biroul Electoral Jude\u021bean (BEJ) Sibiu a \u00eencheiat procesul de renum\u0103rare a voturilor, iar documentele rezultate vor fi \u00eenaintate \u0219i procesate de Institutul Na\u021bional de Statistic\u0103, conform procedurilor legale. Acestea vor fi comunicate ulterior Biroului Electoral Central (BEC) conform deciziei acestuia. <\/p>\n<p>\u201eBEJ Sibiu a finalizat procesul de renum\u0103rare a voturilor. Documentele rezultate din procesul de renum\u0103rare urmeaz\u0103 a fi \u00eenaintate \u0219i procesate de c\u0103tre Institutul de Statistica conform procedurilor \u0219i vor fi comunicate ulterior c\u0103tre BEC \u00een conformitate cu decizia acestuia. BEJ Sibiu se va reloca la sediul Institu\u021biei Prefectului jude\u021bul Sibiu, str. Andrei Saguna nr. 10, Sibiu\u201d, au transmis autorit\u0103\u021bile.<\/p>\n<p>Curtea Constitu\u0163ional\u0103 a decis vineri, dup\u0103 dou\u0103 ore de discu\u021bii, s\u0103 am\u00e2ne pentru 2 decembrie o decizie pe solicitarea depus\u0103 de candidatul Cristian Terhe\u015f de anulare a rezultatelor din primul tur al alegerilor preziden\u021biale. Cu o zi \u00een urm\u0103, CCR a cerut Biroului Electoral Central renum\u0103rarea celor 9.465.257 de voturi din 24 noiembrie, opera\u021biune care a \u00eenceput deja. \u00cen cazul unei decizii a Cur\u021bii Constitu\u021bionale de anulare a primului tur al preziden\u021bialelor, acesta va fi reluat \u00een 15 decembrie, iar al doilea tur ar fi \u00een 29 decembrie, a declarat pre\u0219edintele Autorit\u0103\u021bii Electorale Permanente, Toni Grebl\u0103.\u00a0<\/p>\n<p>\u00a0<\/p>","protected":false},"excerpt":{"rendered":"<p>Biroul Electoral Jude\u021bean (BEJ) Sibiu a \u00eencheiat procesul de renum\u0103rare a voturilor, iar documentele rezultate&hellip;<\/p>\n","protected":false},"author":0,"featured_media":12180,"comment_status":"open","ping_status":"open","sticky":false,"template":"","format":"standard","meta":{"footnotes":""},"categories":[2],"tags":[],"class_list":["post-12179","post","type-post","status-publish","format-standard","has-post-thumbnail","hentry","category-actual"],"_links":{"self":[{"href":"https:\/\/247stiri.ro\/index.php\/wp-json\/wp\/v2\/posts\/12179","targetHints":{"allow":["GET"]}}],"collection":[{"href":"https:\/\/247stiri.ro\/index.php\/wp-json\/wp\/v2\/posts"}],"about":[{"href":"https:\/\/247stiri.ro\/index.php\/wp-json\/wp\/v2\/types\/post"}],"replies":[{"embeddable":true,"href":"https:\/\/247stiri.ro\/index.php\/wp-json\/wp\/v2\/comments?post=12179"}],"version-history":[{"count":0,"href":"https:\/\/247stiri.ro\/index.php\/wp-json\/wp\/v2\/posts\/12179\/revisions"}],"wp:featuredmedia":[{"embeddable":true,"href":"https:\/\/247stiri.ro\/index.php\/wp-json\/wp\/v2\/media\/12180"}],"wp:attachment":[{"href":"https:\/\/247stiri.ro\/index.php\/wp-json\/wp\/v2\/media?parent=12179"}],"wp:term":[{"taxonomy":"category","embeddable":true,"href":"https:\/\/247stiri.ro\/index.php\/wp-json\/wp\/v2\/categories?post=12179"},{"taxonomy":"post_tag","embeddable":true,"href":"https:\/\/247stiri.ro\/index.php\/wp-json\/wp\/v2\/tags?post=12179"}],"curies":[{"name":"wp","href":"https:\/\/api.w.org\/{rel}","templated":true}]}}