{"id":12216,"date":"2024-11-30T13:45:30","date_gmt":"2024-11-30T13:45:30","guid":{"rendered":"https:\/\/247stiri.ro\/index.php\/2024\/11\/30\/crestere-alarmanta-a-consumului-de-droguri-la-minori-doctorii-trag-un-semnal-de-alarma-copii-de-9-10-ani-care-au-inceput-consumul-de-droguri\/"},"modified":"2024-11-30T13:45:30","modified_gmt":"2024-11-30T13:45:30","slug":"crestere-alarmanta-a-consumului-de-droguri-la-minori-doctorii-trag-un-semnal-de-alarma-copii-de-9-10-ani-care-au-inceput-consumul-de-droguri","status":"publish","type":"post","link":"https:\/\/247stiri.ro\/index.php\/2024\/11\/30\/crestere-alarmanta-a-consumului-de-droguri-la-minori-doctorii-trag-un-semnal-de-alarma-copii-de-9-10-ani-care-au-inceput-consumul-de-droguri\/","title":{"rendered":"Cre\u0219tere alarmant\u0103 a consumului de droguri la minori. Doctorii trag un semnal de alarm\u0103: \u201eCopii de 9, 10 ani care au \u00eenceput consumul de droguri\u201d"},"content":{"rendered":"<p>Mai grav, s-au identificat cazuri \u00een care debutul consumului a avut loc la v\u00e2rsta de doar 9-10 ani.<\/p>\n<p>La spital, un nou caz legat de consumul de droguri este internat, \u00een medie, o dat\u0103 pe s\u0103pt\u0103m\u00e2n\u0103. Majoritatea sunt adolescen\u021bi cu v\u00e2rste \u00eentre 13 \u0219i 18 ani, dar discu\u021biile cu ace\u0219tia relev\u0103 adesea un debut anterior al consumului. \u201e\u00cen cele mai multe cazuri, este vorba despre policonsum, adic\u0103 utilizarea a cel pu\u021bin dou\u0103 substan\u021be, fie simultan, fie pe r\u00e2nd\u201d, explic\u0103 Dr. Andrei.<\/p>\n<p>Pacien\u021bii ajung la spital fie prin camera de gard\u0103, cu simptome acute precum agita\u021bia psihomotorie sau tulbur\u0103rile de comportament, fie prin transfer din alte spitale sau la recomandarea medicilor de familie, a cadrelor didactice ori a p\u0103rin\u021bilor.<\/p>\n<p>Evaluare \u0219i tratament integrat<\/p>\n<p>Procesul de \u00eengrijire \u00eencepe cu o evaluare detaliat\u0103 a st\u0103rii psihice, a istoricului personal \u0219i familial, precum \u0219i a eventualelor tulbur\u0103ri asociate, cum ar fi ADHD-ul netratat sau tulbur\u0103rile depresive. \u201eEste esen\u021bial s\u0103 identific\u0103m toate diagnosticele pentru a aborda problema \u00eentr-un mod complet\u201d, precizeaz\u0103 medicul.<\/p>\n<p>Interven\u021bia include terapie individual\u0103 \u0219i de grup pentru copii \u0219i p\u0103rin\u021bi, iar \u00een cazurile necesare, tratament farmacologic. Obiectivul este elaborarea unui plan de sprijin pe termen lung, care s\u0103 includ\u0103 psihoterapie, consiliere pentru familie \u0219i monitorizare continu\u0103.<\/p>\n<p>Cauze \u0219i factori de risc<\/p>\n<p>Dr. Andrei subliniaz\u0103 c\u0103 accesul facil la<a href=\"https:\/\/www.realitatea.net\/stiri\/extern\/captura-inedita-pe-aeroport-pijamale-imbibate-cu-metamfetamina-descoperite-la-un-pasager_6746fdcc70b7726bfe33f4c9\" target=\"_blank\"> substan\u021be psihoactive<\/a> reprezint\u0103 un factor major. Drogurile sunt disponibile \u00een \u0219coli, pe strad\u0103 sau prin intermediul re\u021belelor sociale, iar acest fenomen nu este specific doar Rom\u00e2niei, ci \u00eentregii Europe.<\/p>\n<p>Printre cauzele consumului se num\u0103r\u0103 vulnerabilit\u0103\u021bile genetice, tr\u0103s\u0103turile de temperament \u0219i mediul familial. \u201eEste vorba despre un model bio-psiho-social, \u00een care at\u00e2t caracteristicile biologice, c\u00e2t \u0219i cele sociale joac\u0103 un rol important\u201d, explic\u0103 medicul.<\/p>\n<p>Preven\u021bia trebuie s\u0103 \u00eenceap\u0103 din primii ani de via\u021b\u0103, prin construirea unei rela\u021bii solide \u00eentre copil \u0219i p\u0103rinte \u0219i prin dezvoltarea unor abilit\u0103\u021bi de gestionare a emo\u021biilor puternice. \u201eCopiii trebuie s\u0103 fie \u00eenv\u0103\u021ba\u021bi s\u0103 tolereze frustrarea \u0219i s\u0103 gestioneze situa\u021biile dificile, deoarece via\u021ba nu ofer\u0103 doar emo\u021bii pozitive\u201d, subliniaz\u0103 Dr. Andrei.<\/p>\n<p>Semnele care ar trebui s\u0103 alerteze p\u0103rin\u021bii includ schimb\u0103ri \u00een comportament, cum ar fi retragerea social\u0103, sc\u0103derea performan\u021belor \u0219colare sau neglijen\u021ba \u00een aspectul personal. \u00cen astfel de situa\u021bii, abordarea calm\u0103 \u0219i apelarea la un specialist sunt esen\u021biale.<\/p>\n<p>Resurse insuficiente pentru un fenomen alarmant<\/p>\n<p>Dr. Andrei atrage aten\u021bia asupra lipsei centrelor de recuperare specializate, necesare pentru sus\u021binerea pe termen lung a pacien\u021bilor \u0219i familiilor acestora. \u201eRiscul de recidiv\u0103 este mare, mai ales din cauza insuficien\u021bei serviciilor de terapie post-spitalizare, o problem\u0103 grav\u0103 la nivel na\u021bional\u201d, avertizeaz\u0103 medicul.<\/p>\n<p>Mesajul s\u0103u este clar: con\u0219tientizarea, preven\u021bia timpurie \u0219i implicarea activ\u0103 a familiei sunt elemente esen\u021biale pentru <a href=\"https:\/\/www.realitatea.net\/stiri\/actual\/disperarea-traficantilor-de-asi-camufla-marfa-pitic-de-gradina-de-aproape-2-kilograme-fabricat-doar-din-droguri_6741b28bc71c401a0e4de502\" target=\"_blank\">combaterea acestui fenomen \u00een cre\u0219tere.<\/a><\/p>","protected":false},"excerpt":{"rendered":"<p>Mai grav, s-au identificat cazuri \u00een care debutul consumului a avut loc la v\u00e2rsta de&hellip;<\/p>\n","protected":false},"author":0,"featured_media":12217,"comment_status":"open","ping_status":"open","sticky":false,"template":"","format":"standard","meta":{"footnotes":""},"categories":[2],"tags":[],"class_list":["post-12216","post","type-post","status-publish","format-standard","has-post-thumbnail","hentry","category-actual"],"_links":{"self":[{"href":"https:\/\/247stiri.ro\/index.php\/wp-json\/wp\/v2\/posts\/12216","targetHints":{"allow":["GET"]}}],"collection":[{"href":"https:\/\/247stiri.ro\/index.php\/wp-json\/wp\/v2\/posts"}],"about":[{"href":"https:\/\/247stiri.ro\/index.php\/wp-json\/wp\/v2\/types\/post"}],"replies":[{"embeddable":true,"href":"https:\/\/247stiri.ro\/index.php\/wp-json\/wp\/v2\/comments?post=12216"}],"version-history":[{"count":0,"href":"https:\/\/247stiri.ro\/index.php\/wp-json\/wp\/v2\/posts\/12216\/revisions"}],"wp:featuredmedia":[{"embeddable":true,"href":"https:\/\/247stiri.ro\/index.php\/wp-json\/wp\/v2\/media\/12217"}],"wp:attachment":[{"href":"https:\/\/247stiri.ro\/index.php\/wp-json\/wp\/v2\/media?parent=12216"}],"wp:term":[{"taxonomy":"category","embeddable":true,"href":"https:\/\/247stiri.ro\/index.php\/wp-json\/wp\/v2\/categories?post=12216"},{"taxonomy":"post_tag","embeddable":true,"href":"https:\/\/247stiri.ro\/index.php\/wp-json\/wp\/v2\/tags?post=12216"}],"curies":[{"name":"wp","href":"https:\/\/api.w.org\/{rel}","templated":true}]}}