{"id":12278,"date":"2024-11-30T16:46:28","date_gmt":"2024-11-30T16:46:28","guid":{"rendered":"https:\/\/247stiri.ro\/index.php\/2024\/11\/30\/alegeri-prezidentiale-2024-presedintele-aep-despre-procesul-de-renumarare-a-voturilor-nu-s-a-remarcat-nicio-modificare-a-ordinii-candidatilor\/"},"modified":"2024-11-30T16:46:28","modified_gmt":"2024-11-30T16:46:28","slug":"alegeri-prezidentiale-2024-presedintele-aep-despre-procesul-de-renumarare-a-voturilor-nu-s-a-remarcat-nicio-modificare-a-ordinii-candidatilor","status":"publish","type":"post","link":"https:\/\/247stiri.ro\/index.php\/2024\/11\/30\/alegeri-prezidentiale-2024-presedintele-aep-despre-procesul-de-renumarare-a-voturilor-nu-s-a-remarcat-nicio-modificare-a-ordinii-candidatilor\/","title":{"rendered":"Alegeri preziden\u021biale 2024. Pre\u0219edintele AEP, despre procesul de renum\u0103rare a voturilor: \u201eNu s-a remarcat nicio modificare a ordinii candida\u021bilor\u201d"},"content":{"rendered":"<p>\u201eMai sunt dou\u0103-trei jude\u021be de num\u0103rat. \u00cen diaspora nu se vor num\u0103ra toate voturile. Nu s-a remarcat nicio modificare a ordinii candida\u021bilor\u201d, a afirmat Toni Grebl\u0103, la un post TV.<\/p>\n<p>El a sus\u021binut c\u0103 decizia privind reluarea sau nu a primului tur nu va fi am\u00e2nat\u0103 de c\u0103tre Curtea Constitu\u021bional\u0103, chiar dac\u0103 nu toate voturile din diaspora vor ajunge \u00een timp util.<\/p>\n<p>Toate buletinele de vot din diaspora vor ajunge \u00een Rom\u00e2nia p\u00e2n\u0103 \u00een data de 3 decembrie, a anun\u021bat vineri Ministerul Afacerilor Externe (MAE), care preciza c\u0103 aducerea buletinelor de vot \u00een \u021bar\u0103 \u00eencepuse deja.<\/p>\n<p>Anun\u021bul vine \u00een contextul \u00een care rezultatele renum\u0103r\u0103rii voturilor trebuie finalizate p\u00e2n\u0103 duminic\u0103, 1 decembrie, la ora 22:00, conform unei decizii a BEC.<\/p>\n<p>Reamintim c\u0103 CCR se \u00eentrune\u0219te luni, 2 decembrie, la ora 17:00, pentru a lua decizia \u00een cazul solicit\u0103rii de anulare a primului tur al preziden\u021bialelor.<\/p>","protected":false},"excerpt":{"rendered":"<p>\u201eMai sunt dou\u0103-trei jude\u021be de num\u0103rat. \u00cen diaspora nu se vor num\u0103ra toate voturile. Nu&hellip;<\/p>\n","protected":false},"author":0,"featured_media":12279,"comment_status":"open","ping_status":"open","sticky":false,"template":"","format":"standard","meta":{"footnotes":""},"categories":[3],"tags":[],"class_list":["post-12278","post","type-post","status-publish","format-standard","has-post-thumbnail","hentry","category-politica"],"_links":{"self":[{"href":"https:\/\/247stiri.ro\/index.php\/wp-json\/wp\/v2\/posts\/12278","targetHints":{"allow":["GET"]}}],"collection":[{"href":"https:\/\/247stiri.ro\/index.php\/wp-json\/wp\/v2\/posts"}],"about":[{"href":"https:\/\/247stiri.ro\/index.php\/wp-json\/wp\/v2\/types\/post"}],"replies":[{"embeddable":true,"href":"https:\/\/247stiri.ro\/index.php\/wp-json\/wp\/v2\/comments?post=12278"}],"version-history":[{"count":0,"href":"https:\/\/247stiri.ro\/index.php\/wp-json\/wp\/v2\/posts\/12278\/revisions"}],"wp:featuredmedia":[{"embeddable":true,"href":"https:\/\/247stiri.ro\/index.php\/wp-json\/wp\/v2\/media\/12279"}],"wp:attachment":[{"href":"https:\/\/247stiri.ro\/index.php\/wp-json\/wp\/v2\/media?parent=12278"}],"wp:term":[{"taxonomy":"category","embeddable":true,"href":"https:\/\/247stiri.ro\/index.php\/wp-json\/wp\/v2\/categories?post=12278"},{"taxonomy":"post_tag","embeddable":true,"href":"https:\/\/247stiri.ro\/index.php\/wp-json\/wp\/v2\/tags?post=12278"}],"curies":[{"name":"wp","href":"https:\/\/api.w.org\/{rel}","templated":true}]}}