{"id":12280,"date":"2024-11-30T16:46:28","date_gmt":"2024-11-30T16:46:28","guid":{"rendered":"https:\/\/247stiri.ro\/index.php\/2024\/11\/30\/iohannis-ultimul-mesaj-de-1-decembrie-ca-presedinte-votam-pentru-a-ramane-o-tara-a-libertatii-sau-pentru-a-ne-prabusi-intr-o-izolare-toxica-si-intr-un-trecut-intunecat-video\/"},"modified":"2024-11-30T16:46:28","modified_gmt":"2024-11-30T16:46:28","slug":"iohannis-ultimul-mesaj-de-1-decembrie-ca-presedinte-votam-pentru-a-ramane-o-tara-a-libertatii-sau-pentru-a-ne-prabusi-intr-o-izolare-toxica-si-intr-un-trecut-intunecat-video","status":"publish","type":"post","link":"https:\/\/247stiri.ro\/index.php\/2024\/11\/30\/iohannis-ultimul-mesaj-de-1-decembrie-ca-presedinte-votam-pentru-a-ramane-o-tara-a-libertatii-sau-pentru-a-ne-prabusi-intr-o-izolare-toxica-si-intr-un-trecut-intunecat-video\/","title":{"rendered":"Iohannis, ultimul mesaj de 1 Decembrie, ca pre\u0219edinte: Vot\u0103m pentru a r\u0103m\u00e2ne o \u021bar\u0103 a libert\u0103\u021bii sau pentru a ne pr\u0103bu\u0219i \u00eentr-o izolare toxic\u0103 \u0219i \u00eentr-un trecut \u00eentunecat &#8211; VIDEO"},"content":{"rendered":"<p>\u0218eful statului a subliniat faptul c\u0103 este pentru ultima dat\u0103 c\u00e2nd se adreseaz\u0103 rom\u00e2nilor, de de Ziua Na\u021bional\u0103, ca pre\u0219edinte.<\/p>\n<p>Cele mai semnificative pasaje:<\/p>\n<p>\u0218tiu c\u0103 am f\u0103cut gre\u0219eli, unele alegeri \u00een care am investit speran\u021b\u0103 \u0219i \u00eencredere nu au trecut testul timpului, iar pe unii dintre dv v-am dezam\u00eegit. V\u0103 cer iertare, dar v\u0103 asigur c\u0103 la baza deciziilor mele au stat cele mai bune decizii pentru asigurarea securit\u0103\u021bii \u0219i prosperit\u0103\u021bii Rom\u00e2niei.<\/p>\n<p>Urmeaz\u0103 dou\u0103 r\u00e2nduri de alegeri, moment cruciale care vor defini mai mult dec\u00e2t \u00een trecut direc\u021bia \u00een care va merge Rom\u00e2na. Rezultatele de acum o s\u0103pt\u0103m\u00e2n\u0103 ne-au adus \u00eentr-un nou moment de cump\u0103n\u0103. Nu vot\u0103m pentru a sanc\u021biona sau recompensa pe cineva, ci pentru a r\u0103m\u00e2ne o \u021bar\u0103 a libert\u0103\u021bii sau pentru a ne pr\u0103bu\u0219i \u00eentr-o izolare toxic\u0103 \u0219i \u00eentr-un trecut \u00eentunecat.<\/p>\n<p><a title=\"Cel mai negru scenariu: VID CONSTITUTIONAL. Se prelungeste mandatul lui Klaus Iohannis? Cum pot fi ANULATE alegerile\" href=\"https:\/\/www.realitatea.net\/stiri\/politica\/cel-mai-negru-scenariu-vid-constitutional-se-prelungeste-mandatul-lui-klaus-iohannis-cum-pot-fi-anulate-alegerile_674aa2329d548a2d9c617d32\">Cel mai negru scenariu: VID CONSTITU\u021aIONAL. Se prelunge\u0219te mandatul lui Klaus Iohannis? Cum pot fi ANULATE alegerile<\/a><\/p>\n<p>Nu exist\u0103 politicieni perfec\u021bi \u0219i personalit\u0103\u021bi mesianice care s\u0103 aib\u0103 solu\u021bii miraculoase. Cei care pretind c\u0103 le au vor produce deraierea Rom\u00e2niei de la traseul s\u0103u democratic. Asta \u00eenseamn\u0103 pierderea unor drepturi care acum sunt garantate.<\/p>\n\n<p>\u00a0<\/p>\n<p>TEXTUL INTEGRAL AL DISCURSULUI<\/p>\n<p>M\u00e2ine este Ziua Na\u021bional\u0103 a Rom\u00e2niei \u0219i v\u0103 \u00eendemn s\u0103 privim \u00eenapoi cu recuno\u0219tin\u021b\u0103 la sacrificiile \u0219i lupta pentru unitatea \u0219i suveranitatea noastr\u0103, dar \u0219i \u00eenainte, c\u0103tre viitorul pe care s\u0103-l construim cu \u00een\u021belepciune \u0219i con\u0219tien\u021bi c\u0103 deciziile noastre de ast\u0103zi vor influen\u021ba semnificativ via\u021ba genera\u021biilor viitoare \u0219i destinul \u021b\u0103rii noastre.<\/p>\n<p>Rom\u00e2nia are o istorie tumultoas\u0103, pres\u0103rat\u0103 cu momente de glorie, dar \u0219i cu multe \u00eencerc\u0103ri dramatice.<\/p>\n<p>Pe 1 Decembrie 1918, \u00eenainta\u0219ii no\u0219tri au reu\u0219it s\u0103 \u00ee\u0219i \u00eendeplineasc\u0103 visul de a avea o singur\u0103 \u021bar\u0103, \u00eenf\u0103ptuind, la Alba Iulia, Marea Unire.<\/p>\n<p>De atunci, am trecut prin r\u0103zboaie, dictatur\u0103, Revolu\u021bie, crize sanitare \u0219i economice grave.<\/p>\n<p>Prin spiritul de unitate \u0219i solidaritate manifestat \u00een fa\u021ba obiectivelor comune, am reu\u0219it mereu s\u0103 dep\u0103\u0219im aceste crize, s\u0103 ne adapt\u0103m \u0219i s\u0103 ne ridic\u0103m mai puternici ca \u00eenainte.<\/p>\n<p>\u00cen acest an, marc\u0103m \u0219i trei decenii \u0219i jum\u0103tate de la Revolu\u021bia din Decembrie 1989, c\u00e2nd, gra\u021bie curajului eroilor acelor zile, dictatura comunist\u0103 a luat sf\u00e2r\u0219it, iar Rom\u00e2nia a \u00eenceput s\u0103 cunoasc\u0103 libertatea at\u00e2t de mult dorit\u0103.<\/p>\n<p>Rom\u00e2nia Marii Uniri, Rom\u00e2nia modern\u0103, membr\u0103 a Uniunii Europene \u0219i a NATO, nu s-a \u00eenf\u0103ptuit \u00eentr-o zi, nici doar prin eforturile \u0219i sacrificiile unei singure genera\u021bii ori prin str\u0103dania unui guvern sau a altuia, ci prin angajamentul, lupta \u0219i munca a genera\u021bii la r\u00e2nd, motivate de-a lungul timpului de viziunea umanist\u0103 \u0219i democratic\u0103 a elitelor noastre.<\/p>\n<p>Dragi rom\u00e2ni,<\/p>\n<p>S\u0103rb\u0103toarea din acest an are pentru mine o \u00eensemn\u0103tate aparte, pentru c\u0103 este ultima dat\u0103 c\u00e2nd m\u0103 adresez dumneavoastr\u0103 de Ziua noastr\u0103 Na\u021bional\u0103 \u00een calitate de Pre\u0219edinte al Rom\u00e2niei. Dup\u0103 dou\u0103 mandate \u0219i zece ani \u00een care am avut onoarea de a fi \u00een serviciul \u021b\u0103rii, m\u0103 despart de aceast\u0103 responsabilitate cu emo\u021bie, cu recuno\u0219tin\u021b\u0103 \u0219i cu o admira\u021bie nem\u0103rginit\u0103 pentru dumneavoastr\u0103, cet\u0103\u021benii \u021b\u0103rii noastre.<\/p>\n<p>Zece ani am avut privilegiul de a v\u0103 reprezenta. Zece ani \u00een care am \u00eencercat s\u0103 fiu un sus\u021bin\u0103tor al idealurilor dumneavoastr\u0103 \u0219i un partener \u00een realizarea lor.<\/p>\n<p>Am tr\u0103it \u00eempreun\u0103 clipe de bucurie, dar \u0219i momente care au pus na\u021biunea noastr\u0103 la grea \u00eencercare. Am cunoscut oameni extraordinari din toate col\u021burile \u021b\u0103rii, am v\u0103zut sacrificii \u0219i curaj care m-au inspirat \u0219i m-au motivat s\u0103 merg mai departe.<\/p>\n<p>Dup\u0103 zece ani pot spune, f\u0103r\u0103 niciun fel de rezerve, c\u0103 poporul rom\u00e2n este puternic \u0219i profund ata\u0219at valorilor democratice \u0219i sunt convins c\u0103 va continua s\u0103 apere aceste valori.<\/p>\n<p>\u00cen acest ultim deceniu, Rom\u00e2nia a f\u0103cut pa\u0219i uria\u0219i \u00eenainte. Am investit masiv \u00een infrastructur\u0103, am modernizat institu\u021biile publice \u0219i am consolidat semnificativ securitatea na\u021bional\u0103 \u00eentr-o lume marcat\u0103 de o instabilitate accentuat\u0103.<\/p>\n<p>Am \u00eencercat \u00eempreun\u0103 s\u0103 construim o \u021bar\u0103 mai just\u0103 \u0219i mai prosper\u0103. Am fost martori la transformarea sistemului nostru de s\u0103n\u0103tate \u0219i de educa\u021bie, \u00eens\u0103 mai avem, cu siguran\u021b\u0103, multe de \u00eembun\u0103t\u0103\u021bit.<\/p>\n<p>Cert este c\u0103 Rom\u00e2nia de ast\u0103zi este ferm angajat\u0103 pe drumul c\u0103tre progres, dar nu este ferit\u0103 de provoc\u0103ri \u0219i poten\u021biale crize.<\/p>\n<p>Fiecare etap\u0103 din istoria recent\u0103 a na\u021biunii noastre a avut \u00eencerc\u0103rile ei, iar \u00een ultimii zece ani am traversat crize care nu doar c\u0103 au fost foarte grave, dar s-au \u0219i suprapus \u0219i ne-au testat la maximum rezisten\u021ba \u0219i capacitatea de adaptare.<\/p>\n<p>Amenin\u021b\u0103rile din timpul primului meu mandat la adresa statului de drept \u0219i a institu\u021biilor democratice, de care ast\u0103zi unii de-abia vor s\u0103-\u0219i mai aminteasc\u0103, pandemia de COVID-19, cu toate consecin\u021bele ei dramatice, inclusiv economice \u0219i sociale, riscurile de securitate generate de r\u0103zboiul declan\u0219at de Rusia \u00eempotriva Ucrainei sunt doar c\u00e2teva momente majore care au marcat acest ultim deceniu.<\/p>\n<p>Acum ne putem uita \u00een urm\u0103 \u0219i constata c\u0103, prin eforturi \u0219i coeziune, prin deciziile \u0219i m\u0103surile luate, Rom\u00e2nia a devenit mai puternic\u0103, mai stabil\u0103, mai consolidat\u0103 la nivel de institu\u021bii.<\/p>\n<p>Cel mai important demers al meu \u00een sfera educa\u021biei \u0219i a cercet\u0103rii, proiectul \u201eRom\u00e2nia Educat\u0103\u201d, cea mai ampl\u0103 consultare postdecembrist\u0103 \u00een domeniu, s-a concretizat \u00een promulgarea noilor legi ale educa\u021biei, care au setat cadrul pentru reforma sistemului de \u00eenv\u0103\u021b\u0103m\u00e2nt.<\/p>\n<p>Sigur, rezultatele nu se v\u0103d peste noapte, ci \u00een timp, iar schimbarea va fi vizibil\u0103 odat\u0103 cu noile genera\u021bii care vor sus\u021bine examenele na\u021bionale.<\/p>\n<p>O alt\u0103 direc\u021bie major\u0103 pe care am promovat-o a fost \u00eent\u0103rirea capacit\u0103\u021bii statului rom\u00e2n de a-\u0219i ap\u0103ra c\u00e2t mai bine cet\u0103\u021benii.<\/p>\n<p>Alocarea a 2,5% din PIB pentru Ap\u0103rare s-a dovedit \u00eentru totul justificat\u0103. Acum avem un r\u0103zboi la grani\u021be, o situa\u021bie care ne p\u0103rea multora ceva imposibil de conceput \u00een urm\u0103 cu c\u00e2\u021biva ani. \u00cen mandatul pe care \u00eel \u00eenchei, Rom\u00e2nia a \u00eenceput s\u0103-\u0219i modernizeze Armata \u0219i s\u0103 fie astfel pe deplin conectat\u0103 la sistemele NATO.<\/p>\n<p>Cre\u0219terea aloc\u0103rilor bugetare pentru Ap\u0103rare \u0219i efortul de profesionalizare a Armatei noastre au f\u0103cut ca Rom\u00e2nia s\u0103 fie mai bine ap\u0103rat\u0103, foarte apreciat\u0103 de Alia\u021bi \u0219i s\u0103-\u0219i construiasc\u0103 o foarte bun\u0103 reputa\u021bie interna\u021bional\u0103.<\/p>\n<p>\u00cen ceea ce prive\u0219te Uniunea European\u0103, Rom\u00e2nia a avut \u00een cele dou\u0103 mandate ale mele un rol activ \u00een procesul de consolidare a proiectului european, contribuind, totodat\u0103, la cre\u0219terea solidarit\u0103\u021bii \u0219i a coeziunii Uniunii. Astfel, printr-o implicare constant\u0103, Republica Moldova este ast\u0103zi mai aproape de a-\u0219i \u00eemplini visul european, iar noi, rom\u00e2nii de pe ambele maluri ale Prutului, ne vom reg\u0103si \u00eempreun\u0103 \u00een marea familie european\u0103.<\/p>\n<p>Totodat\u0103, am sus\u021binut permanent \u00een cadrul reuniunilor Consiliului European c\u0103 avem nevoie de ac\u021biuni concrete \u00een beneficiul cet\u0103\u021benilor.<\/p>\n<p>Datorit\u0103 implic\u0103rii din ultimul meu mandat, avem ast\u0103zi acces la impresionante sume puse la dispozi\u021bie de Uniunea European\u0103.<\/p>\n<p>Prin Planul Na\u021bional de Redresare \u0219i Rezilien\u021b\u0103, Rom\u00e2nia poate recupera mare parte din decalajele fa\u021b\u0103 de Vestul Europei \u0219i \u00ee\u0219i poate dezvolta infrastructura rutier\u0103, poate construi \u0219coli \u0219i spitale, se poate, a\u0219adar, dezvolta.<\/p>\n<p>\u00centotdeauna am pus la baza deciziilor mele atributul constitu\u021bional care m-a ghidat permanent ca Pre\u0219edinte al Rom\u00e2niei, acela de a ap\u0103ra democra\u021bia.<\/p>\n<p>Am fost un promotor fervent al statului de drept \u0219i m-am angajat s\u0103 lupt pentru o justi\u021bie independent\u0103, pentru c\u0103 doar prin integritate putem construi o societate \u00een care fiecare cet\u0103\u021bean s\u0103 se simt\u0103 protejat \u0219i respectat.<\/p>\n<p>Finalizarea Mecanismului de Cooperare \u0219i Verificare, un important obiectiv al Rom\u00e2niei, a \u00eensemnat un succes semnificativ pentru noi to\u021bi \u0219i a reconfirmat angajamentul proeuropean puternic \u0219i progresele pe care \u021bara noastr\u0103 le-a f\u0103cut \u00een domeniul reformei justi\u021biei \u015fi al luptei \u00eempotriva corup\u021biei.<\/p>\n<p>Am convingerea c\u0103, pentru un om de stat, dincolo de op\u021biunile sale personale, prioritar este s\u0103 decid\u0103 astfel \u00eenc\u00e2t, mai ales \u00eentr-un context cu crize suprapuse \u0219i cu un r\u0103zboi la grani\u021b\u0103, viitorul na\u021biunii sale s\u0103 nu fie compromis de instabilitate, \u021bara s\u0103 se poat\u0103 dezvolta, economia s\u0103 poat\u0103 cre\u0219te, institu\u021biile s\u0103 se modernizeze, iar cet\u0103\u021benii s\u0103 fie \u00een mod real ap\u0103ra\u021bi \u00een fa\u021ba oric\u0103ror amenin\u021b\u0103ri.<\/p>\n<p>Acum, la finalul celor dou\u0103 mandate de Pre\u0219edinte, vreau s\u0103 v\u0103 mul\u021bumesc, dragi rom\u00e2ni, din \u021bar\u0103 \u0219i de peste hotare!<\/p>\n<p>\u0218tiu c\u0103 am f\u0103cut gre\u0219eli, unele alegeri \u00een care am investit speran\u021b\u0103 \u0219i \u00eencredere nu au trecut testul timpului, iar pe unii dintre dumneavoastr\u0103 v-am dezam\u0103git. V\u0103 cer iertare pentru c\u0103, de-a lungul timpului, am luat decizii care v-au nemul\u021bumit \u0219i pe care, cel mai probabil, nu le-am explicat suficient.<\/p>\n<p>Timpul nu poate fi dat \u00eenapoi, dar v\u0103 asigur c\u0103 la baza tuturor eforturilor \u0219i ac\u021biunilor mele a stat un singur lucru: identificarea celor mai bune solu\u021bii pentru securitatea, bun\u0103starea \u0219i prosperitatea Rom\u00e2niei \u0219i a cet\u0103\u021benilor s\u0103i.<\/p>\n<p>Dragi rom\u00e2ni,<\/p>\n<p>Anul acesta a fost unul \u00eenc\u0103rcat electoral. Urmeaz\u0103 \u00eenc\u0103 dou\u0103 runde de alegeri, parlamentare \u0219i preziden\u021biale, momente cruciale care vor defini, mai mult dec\u00e2t la alte scrutine din trecut, direc\u021bia \u00een care va merge Rom\u00e2nia \u00een urm\u0103torii ani.<\/p>\n<p>Rezultatele votului de acum o s\u0103pt\u0103m\u00e2n\u0103 ne-au adus \u00eens\u0103 \u00eentr-un nou moment de cump\u0103n\u0103. Alegerile de m\u00e2ine \u0219i cele care urmeaz\u0103 nu vor fi numai despre politici \u0219i viziuni de st\u00e2nga, dreapta sau centru.<\/p>\n<p>Nu vot\u0103m nici pentru a sanc\u021biona sau a recompensa pe cineva, ci vot\u0103m pentru a r\u0103m\u00e2ne o \u021bar\u0103 a libert\u0103\u021bii \u0219i a deschiderii sau a ne pr\u0103bu\u0219i \u00eentr-o izolare toxic\u0103 \u0219i \u00eentr-un trecut \u00eentunecat.<\/p>\n<p>Ne afl\u0103m \u00een fa\u021ba unei decizii existen\u021biale \u0219i trebuie s\u0103 alegem \u00eentre, pe de o parte, democra\u021bia \u0219i valorile fundamentale care ne-au ghidat ca na\u021biune european\u0103 modern\u0103 \u0219i, pe de alt\u0103 parte, izola\u021bionismul, misticismul extremist \u0219i ura fa\u021b\u0103 de pluralismul occidental.<\/p>\n<p>Alegerile parlamentare de m\u00e2ine sunt extrem de importante \u00eentruc\u00e2t pre\u0219edintele nou ales, oric\u00e2t de bine inten\u021bionat este, nu poate desemna dec\u00e2t acel premier care va reu\u0219i s\u0103 coaguleze o majoritate \u00een Parlament.<\/p>\n<p>Iar modul \u00een care va ar\u0103ta aceast\u0103 majoritate \u0219i, implicit, viitorul Guvern depinde direct de votul dumneavoastr\u0103 de m\u00e2ine.<\/p>\n<p>\u0218tiu c\u0103 \u00een urma evenimentelor din ultimele zile sim\u021bi\u021bi c\u0103 v\u0103 pierde\u021bi \u00eencrederea \u00een institu\u021biile statului, \u00een puterea \u0219i \u00een legitimitatea votului, care reprezint\u0103 esen\u021ba democra\u021biei.<\/p>\n<p>De aceea, fac un apel la toate autorit\u0103\u021bile implicate \u00een gestionarea procesului electoral \u0219i \u00een validarea scrutinelor s\u0103 nu uite c\u0103, \u00eenainte de toate, este imperativ ca rezultatele electorale, oricare ar fi acestea, s\u0103 se bucure de credibilitate \u0219i s\u0103 reflecte \u00een mod real op\u021biunea \u0219i voin\u021ba cet\u0103\u021benilor.<\/p>\n<p>Dragi rom\u00e2ni, fiecare vot conteaz\u0103 \u0219i fiecare cet\u0103\u021bean are un rol esen\u021bial \u00een conturarea viitorului \u021b\u0103rii noastre.<\/p>\n<p>Alegem nu doar oameni care s\u0103 ne reprezinte, ci \u0219i valorile \u0219i direc\u021bia \u00een care vrem s\u0103 mergem ca na\u021biune.<\/p>\n<p>Rom\u00e2nia trebuie s\u0103 \u00ee\u0219i consolideze orientarea sa indiscutabil\u0103 c\u0103tre valorile europene \u015fi nord-atlantice. Este un parcurs pe care ni l-am asumat \u0219i pe care l-am ob\u021binut cu mari sacrificii, prin tranzi\u0163ii dureroase.<\/p>\n<p>Nu avem voie s\u0103 uit\u0103m c\u0103 votul este un drept pentru care semenii no\u0219tri au luptat, unii pl\u0103tindu-l cu s\u00e2nge, \u00een urm\u0103 cu 35 de ani.<\/p>\n<p>\u00centr-o er\u0103 \u00een care vedem o cre\u0219tere alarmant\u0103 a extremismului, a populismului \u0219i a dezinform\u0103rii, este cu at\u00e2t mai important s\u0103 respingem ferm, prin vot \u00een primul r\u00e2nd, discursul fals pacificator, care ascunde de fapt o viziune anti-european\u0103. Politicienii care \u00eembr\u0103\u021bi\u0219eaz\u0103 aceste abord\u0103ri \u00ee\u0219i doresc s\u0103 dezbine, s\u0103 creeze rupturi sociale \u0219i r\u0103ni ad\u00e2nci, adic\u0103 o societate aflat\u0103 \u00een total\u0103 opozi\u021bie cu cea care reu\u0219ea \u00een 1918 s\u0103 \u00eenf\u0103ptuiasc\u0103 Marea Unire.<\/p>\n<p>Nu exist\u0103 politicieni perfec\u021bi \u0219i nici personalit\u0103\u021bi mesianice care s\u0103 fie posesoarele unor solu\u021bii miraculoase pentru problemele cu care se confrunt\u0103 cet\u0103\u021benii. Cei care pretind c\u0103 le au vor produce, mai devreme sau mai t\u00e2rziu, deraierea Rom\u00e2niei de la traseul s\u0103u profund democratic. Iar asta \u00eenseamn\u0103 pentru noi to\u021bi mai pu\u021bin\u0103 libertate, mai mult\u0103 suferin\u021b\u0103, priva\u021biuni \u0219i pierderea unor drepturi care acum sunt garantate.<\/p>\n<p>Dragi rom\u00e2ni,<\/p>\n<p>Viitorul Rom\u00e2niei depinde de fiecare dintre noi.<\/p>\n<p>Rom\u00e2nia prosper\u0103, unit\u0103 \u0219i respectat\u0103 \u00een lume este posibil\u0103 doar dac\u0103 ne implic\u0103m, dac\u0103 ne p\u0103str\u0103m solidaritatea \u0219i dac\u0103 muncim \u00eempreun\u0103 pentru un bine comun.<\/p>\n<p>\u00cen aceast\u0103 zi de s\u0103rb\u0103toare na\u021bional\u0103, v\u0103 chem s\u0103 rememor\u0103m sacrificiile f\u0103cute de cei care au crezut \u00een aceast\u0103 \u021bar\u0103. De cei care au crezut \u00een Rom\u00e2nia.<\/p>\n<p>S\u0103 ne amintim c\u0103 suntem puternici doar c\u00e2nd suntem uni\u021bi. S\u0103 l\u0103s\u0103m deoparte diferen\u021bele \u0219i s\u0103 punem pe primul loc binele comun. Avem nevoie de unitate \u0219i de solidaritate pentru a merge mai departe.<\/p>\n<p>V\u0103 mul\u021bumesc pentru \u00eencrederea pe care mi-a\u021bi acordat-o \u00een to\u021bi ace\u0219ti ani, pentru sprijinul, pentru criticile \u0219i pentru r\u0103bdarea dumneavoastr\u0103. Dincolo de func\u021bie, dincolo de responsabilitate, voi r\u0103m\u00e2ne mereu un ap\u0103r\u0103tor al valorilor fundamentale care ne definesc ca popor.<\/p>\n<p>A\u0219a arat\u0103 o na\u021biune mare, a\u0219a arat\u0103 o na\u021biune puternic\u0103 \u0219i a fost cea mai \u00eenalt\u0103 onoare \u0219i cea mai de pre\u021b demnitate s\u0103 fiu Pre\u0219edintele Rom\u00e2niei pentru dou\u0103 mandate!<\/p>\n<p>De 1 Decembrie, s\u0103 celebr\u0103m \u00eempreun\u0103 Rom\u00e2nia, cu certitudinea c\u0103 viitorul \u021b\u0103rii noastre va fi unul pe m\u0103sura for\u021bei spiritului nostru na\u021bional!<\/p>\n<p>\u00a0La mul\u021bi ani, Rom\u00e2nia! La mul\u021bi ani, rom\u00e2ni!<\/p>\n<p>\u00a0<\/p>","protected":false},"excerpt":{"rendered":"<p>\u0218eful statului a subliniat faptul c\u0103 este pentru ultima dat\u0103 c\u00e2nd se adreseaz\u0103 rom\u00e2nilor, de&hellip;<\/p>\n","protected":false},"author":0,"featured_media":12275,"comment_status":"open","ping_status":"open","sticky":false,"template":"","format":"standard","meta":{"footnotes":""},"categories":[2],"tags":[],"class_list":["post-12280","post","type-post","status-publish","format-standard","has-post-thumbnail","hentry","category-actual"],"_links":{"self":[{"href":"https:\/\/247stiri.ro\/index.php\/wp-json\/wp\/v2\/posts\/12280","targetHints":{"allow":["GET"]}}],"collection":[{"href":"https:\/\/247stiri.ro\/index.php\/wp-json\/wp\/v2\/posts"}],"about":[{"href":"https:\/\/247stiri.ro\/index.php\/wp-json\/wp\/v2\/types\/post"}],"replies":[{"embeddable":true,"href":"https:\/\/247stiri.ro\/index.php\/wp-json\/wp\/v2\/comments?post=12280"}],"version-history":[{"count":0,"href":"https:\/\/247stiri.ro\/index.php\/wp-json\/wp\/v2\/posts\/12280\/revisions"}],"wp:featuredmedia":[{"embeddable":true,"href":"https:\/\/247stiri.ro\/index.php\/wp-json\/wp\/v2\/media\/12275"}],"wp:attachment":[{"href":"https:\/\/247stiri.ro\/index.php\/wp-json\/wp\/v2\/media?parent=12280"}],"wp:term":[{"taxonomy":"category","embeddable":true,"href":"https:\/\/247stiri.ro\/index.php\/wp-json\/wp\/v2\/categories?post=12280"},{"taxonomy":"post_tag","embeddable":true,"href":"https:\/\/247stiri.ro\/index.php\/wp-json\/wp\/v2\/tags?post=12280"}],"curies":[{"name":"wp","href":"https:\/\/api.w.org\/{rel}","templated":true}]}}