{"id":12281,"date":"2024-11-30T16:46:28","date_gmt":"2024-11-30T16:46:28","guid":{"rendered":"https:\/\/247stiri.ro\/index.php\/2024\/11\/30\/crima-oribila-in-braila-un-tanar-si-a-ucis-tatal-dupa-ce-l-a-lasat-sa-inghete-noaptea-in-baie\/"},"modified":"2024-11-30T16:46:28","modified_gmt":"2024-11-30T16:46:28","slug":"crima-oribila-in-braila-un-tanar-si-a-ucis-tatal-dupa-ce-l-a-lasat-sa-inghete-noaptea-in-baie","status":"publish","type":"post","link":"https:\/\/247stiri.ro\/index.php\/2024\/11\/30\/crima-oribila-in-braila-un-tanar-si-a-ucis-tatal-dupa-ce-l-a-lasat-sa-inghete-noaptea-in-baie\/","title":{"rendered":"Crim\u0103 oribil\u0103 \u00een Br\u0103ila. Un t\u00e2n\u0103r \u0219i-a ucis tat\u0103l dup\u0103 ce l-a l\u0103sat s\u0103 \u00eenghe\u021be noaptea \u00een baie"},"content":{"rendered":"<p>Un t\u00e2n\u0103r de 26 de ani a fost arestat preventiv sub acuza\u021bia de omor, fiind suspectat c\u0103 \u0219i-ar fi ucis tat\u0103l \u00een v\u00e2rst\u0103 de 62 de ani.\u00a0<\/p>\n<p>Cei doi consumaser\u0103 o cantitate considerabil\u0103 de alcool, \u00eentre tat\u0103l \u0219i fiul s\u0103u, \u00eentors recent din Olanda, unde locuia cu mama sa, a izbucnit un conflict violent.<\/p>\n<p>\u00a0<\/p>\n<p>Fiul a \u00eenceput s\u0103-\u0219i loveasc\u0103 tat\u0103l cu diverse obiecte contondente \u0219i cu margini t\u0103ioase, g\u0103site prin cas\u0103. Potrivit presei locale, care citeaz\u0103 raportul medicului legist, fiul \u00eei provocase tat\u0103lui \u201enumeroase leziuni grave pe tot corpul, \u00een special la nivelul capului\u201d.<\/p>\n<p>Potrivit sursei citate, dup\u0103 ce l-a b\u0103tut at\u00e2t de r\u0103u, t\u00e2n\u0103rul de 26 de ani, \u0219i-a dezbr\u0103cat de tot tat\u0103l \u0219i i-a t\u00e2r\u00e2t trupul \u00een cada de la baie. Nu e clar dac\u0103 b\u0103tr\u00e2nul era deja mort sau doar incon\u0219tient \u00een acest moment, cert este c\u0103 apoi l-a udat complet, \u0219i l-a acoperit cu o p\u0103tur\u0103 \u0219i un covor, pe care le-a udat din nou.<\/p>\n<p>De\u0219i \u00een locuin\u021b\u0103 era extrem de frig, b\u0103iatul \u0219i-a l\u0103sat a\u0219a tat\u0103l toat\u0103 noaptea, iar diminea\u021ba zilei de 28 noiembrie a sunat la num\u0103rul de urgen\u021b\u0103 112 \u0219i a solicitat o ambulan\u021b\u0103 de urgen\u021b\u0103. Ajun\u0219i la fa\u021ba locului, medicii au solicitat prezen\u021ba poli\u021bi\u0219tilor \u0219i a unui echipaj de la criminalistic\u0103.<\/p>\n<p>Poli\u021bi\u0219tii criminali\u0219ti au deslu\u0219it imediat ce s-a \u00eent\u00e2mplat, pentru c\u0103 imediat procurorul de caz a dispus re\u021binerea lui Ion Cristi-Marian, cu propunerea de arest preventiv pentru o perioad\u0103 de 30 de zile. Tribunalul din Br\u0103ila a admis imediat cererea procurorilor.<\/p>\n<p>Astfel c\u0103, pentru omor \u00eempotriva unui membru al familiei, pedeapsa maxim\u0103 pe care o poate primi Ion Cristi-Marian va fi de 25 de ani.<\/p>","protected":false},"excerpt":{"rendered":"<p>Un t\u00e2n\u0103r de 26 de ani a fost arestat preventiv sub acuza\u021bia de omor, fiind&hellip;<\/p>\n","protected":false},"author":0,"featured_media":12282,"comment_status":"open","ping_status":"open","sticky":false,"template":"","format":"standard","meta":{"footnotes":""},"categories":[2],"tags":[],"class_list":["post-12281","post","type-post","status-publish","format-standard","has-post-thumbnail","hentry","category-actual"],"_links":{"self":[{"href":"https:\/\/247stiri.ro\/index.php\/wp-json\/wp\/v2\/posts\/12281","targetHints":{"allow":["GET"]}}],"collection":[{"href":"https:\/\/247stiri.ro\/index.php\/wp-json\/wp\/v2\/posts"}],"about":[{"href":"https:\/\/247stiri.ro\/index.php\/wp-json\/wp\/v2\/types\/post"}],"replies":[{"embeddable":true,"href":"https:\/\/247stiri.ro\/index.php\/wp-json\/wp\/v2\/comments?post=12281"}],"version-history":[{"count":0,"href":"https:\/\/247stiri.ro\/index.php\/wp-json\/wp\/v2\/posts\/12281\/revisions"}],"wp:featuredmedia":[{"embeddable":true,"href":"https:\/\/247stiri.ro\/index.php\/wp-json\/wp\/v2\/media\/12282"}],"wp:attachment":[{"href":"https:\/\/247stiri.ro\/index.php\/wp-json\/wp\/v2\/media?parent=12281"}],"wp:term":[{"taxonomy":"category","embeddable":true,"href":"https:\/\/247stiri.ro\/index.php\/wp-json\/wp\/v2\/categories?post=12281"},{"taxonomy":"post_tag","embeddable":true,"href":"https:\/\/247stiri.ro\/index.php\/wp-json\/wp\/v2\/tags?post=12281"}],"curies":[{"name":"wp","href":"https:\/\/api.w.org\/{rel}","templated":true}]}}