{"id":12311,"date":"2024-11-30T19:45:32","date_gmt":"2024-11-30T19:45:32","guid":{"rendered":"https:\/\/247stiri.ro\/index.php\/2024\/11\/30\/femeie-plecata-de-3-zile-din-spital-data-disparuta-de-sot-aceasta-nu-a-mai-ajuns-acasa\/"},"modified":"2024-11-30T19:45:32","modified_gmt":"2024-11-30T19:45:32","slug":"femeie-plecata-de-3-zile-din-spital-data-disparuta-de-sot-aceasta-nu-a-mai-ajuns-acasa","status":"publish","type":"post","link":"https:\/\/247stiri.ro\/index.php\/2024\/11\/30\/femeie-plecata-de-3-zile-din-spital-data-disparuta-de-sot-aceasta-nu-a-mai-ajuns-acasa\/","title":{"rendered":"Femeie plecat\u0103 de 3 zile din spital, dat\u0103 disp\u0103rut\u0103 de so\u0163. Aceasta nu a mai ajuns acas\u0103"},"content":{"rendered":"<p>Un b\u0103rbat din municipiul T\u00e2rgu Jiu a anun\u0163at, s\u00e2mb\u0103t\u0103, la Poli\u0163ie faptul c\u0103 so\u0163ia sa a plecat de trei zile din spital \u015fi nu a mai ajuns acas\u0103.\u00a0\u201dPoli\u0163i\u015ftii din cadrul Poli\u0163iei Municipiului T\u00e2rgu Jiu au fost sesiza\u0163i de un localnic cu privire la faptul c\u0103, la data de 27 noiembrie a.c., \u00een jurul orelor 13:00, so\u0163ia sa, Diamant Rodica, de 55 de ani, cu domiciliul \u00een municipiul T\u00e2rgu Jiu, a plecat \u00een mod voluntar din cadrul Sec\u0163iei de Boli Infec\u0163ioase a Spitalului Jude\u0163ean de Urgen\u0163\u0103 T\u00e2rgu Jiu, unde se afla internat\u0103 \u015fi de unde a cerut externarea, iar p\u00e2n\u0103 \u00een prezent nu a revenit la domiciliu\u201d, anun\u0163\u0103, s\u00e2mb\u0103t\u0103, oficialii Poli\u0163iei jude\u0163ene Gorj.<\/p>\n<p>\u00a0Poli\u0163i\u015ftii fac publice o fotografie \u015fi semnalmentele femeii, solicit\u00e2nd celor care au date despre locul \u00een care aceasta se afl\u0103 s\u0103 sune la num\u0103rul unic de urgen\u0163\u0103 112 sau s\u0103 se deplaseze la cea mai apropiat\u0103 unitate de poli\u0163ie.\u00a0Femeia are 1,55 metri \u00een\u0103l\u0163ime, constitu\u0163ie astenic\u0103, ten m\u0103sliniu, ochi c\u0103prui, p\u0103r negru, tuns la nivelul umerilor, fa\u0163a oval\u0103. Pe interiorul pulpei piciorului drept are un tatuaj \u015fi are, de asemenea, un semn particular de la o opera\u0163ie pe spate, \u00een partea dreapt\u0103.\u00a0Nici rudele, nici autorit\u0103\u0163ile nu au date despre articolele vestimentare pe care femeia le purta la momentul extern\u0103rii din spital.<\/p>","protected":false},"excerpt":{"rendered":"<p>Un b\u0103rbat din municipiul T\u00e2rgu Jiu a anun\u0163at, s\u00e2mb\u0103t\u0103, la Poli\u0163ie faptul c\u0103 so\u0163ia sa&hellip;<\/p>\n","protected":false},"author":0,"featured_media":12312,"comment_status":"open","ping_status":"open","sticky":false,"template":"","format":"standard","meta":{"footnotes":""},"categories":[2],"tags":[],"class_list":["post-12311","post","type-post","status-publish","format-standard","has-post-thumbnail","hentry","category-actual"],"_links":{"self":[{"href":"https:\/\/247stiri.ro\/index.php\/wp-json\/wp\/v2\/posts\/12311","targetHints":{"allow":["GET"]}}],"collection":[{"href":"https:\/\/247stiri.ro\/index.php\/wp-json\/wp\/v2\/posts"}],"about":[{"href":"https:\/\/247stiri.ro\/index.php\/wp-json\/wp\/v2\/types\/post"}],"replies":[{"embeddable":true,"href":"https:\/\/247stiri.ro\/index.php\/wp-json\/wp\/v2\/comments?post=12311"}],"version-history":[{"count":0,"href":"https:\/\/247stiri.ro\/index.php\/wp-json\/wp\/v2\/posts\/12311\/revisions"}],"wp:featuredmedia":[{"embeddable":true,"href":"https:\/\/247stiri.ro\/index.php\/wp-json\/wp\/v2\/media\/12312"}],"wp:attachment":[{"href":"https:\/\/247stiri.ro\/index.php\/wp-json\/wp\/v2\/media?parent=12311"}],"wp:term":[{"taxonomy":"category","embeddable":true,"href":"https:\/\/247stiri.ro\/index.php\/wp-json\/wp\/v2\/categories?post=12311"},{"taxonomy":"post_tag","embeddable":true,"href":"https:\/\/247stiri.ro\/index.php\/wp-json\/wp\/v2\/tags?post=12311"}],"curies":[{"name":"wp","href":"https:\/\/api.w.org\/{rel}","templated":true}]}}