{"id":12313,"date":"2024-11-30T19:45:33","date_gmt":"2024-11-30T19:45:33","guid":{"rendered":"https:\/\/247stiri.ro\/index.php\/2024\/11\/30\/fost-membru-ccr-cel-mai-probabil-ccr-va-respinge-anularea-alegerilor-ordinea-finala-a-primilor-trei-clasati-nu-se-va-schimba\/"},"modified":"2024-11-30T19:45:33","modified_gmt":"2024-11-30T19:45:33","slug":"fost-membru-ccr-cel-mai-probabil-ccr-va-respinge-anularea-alegerilor-ordinea-finala-a-primilor-trei-clasati-nu-se-va-schimba","status":"publish","type":"post","link":"https:\/\/247stiri.ro\/index.php\/2024\/11\/30\/fost-membru-ccr-cel-mai-probabil-ccr-va-respinge-anularea-alegerilor-ordinea-finala-a-primilor-trei-clasati-nu-se-va-schimba\/","title":{"rendered":"Fost membru CCR: Cel mai probabil, CCR va respinge anularea alegerilor. Ordinea final\u0103 a primilor trei clasa\u021bi nu se va schimba"},"content":{"rendered":"<p>&#8222;La cum se prezint\u0103 situa\u021bia \u00een acest moment CCR va solu\u021biona luni pe fond cererea de anulare a primului tur \u0219i cel mai probabil o va respinge, \u00eentruc\u00e2t, chiar dac\u0103 rezult\u0103 unele diferen\u021be privind num\u0103rul de voturi contabilizate de candida\u021bi, ordinea final\u0103 a primilor 3 clasa\u021bi nu se va modifica.\u00a0Aceasta \u00eenseamn\u0103 c\u0103 putem reintra \u00een calendarul electoral ini\u021bial \u0219i s\u0103 avem al doilea tur duminic\u0103, 8 decembrie.<a href=\"https:\/\/www.realitatea.net\/stiri\/politica\/alegeri-prezidentiale-2024-presedintele-aep-detalii-importante-despre-procesul-de-renumarare-a-voturilor-nu-sa-remarcat-nicio-modificare-a-ordinii-candidatilor_674b3401bc4e857c1f2ba097\" target=\"_blank\">Alegeri preziden\u021biale 2024. Pre\u0219edintele AEP, despre procesul de renum\u0103rare a voturilor: \u201eNu s-a remarcat nicio modificare a ordinii candida\u021bilor\u201d<\/a>\u00a0De pierdut dupa acest circ juridic nu are dec\u00e2t increderea \u00een democra\u021bie a publicului, care iat\u0103 ca are motive s\u0103 se \u00eendoiasc\u0103 cu privire la corectitudinea modului \u00een care voturile exprimate sunt num\u0103rate de institu\u021biile electorale&#8221;, a scris avocatul Toni Neac\u0219u.\u00a0\u00a0<\/p>","protected":false},"excerpt":{"rendered":"<p>&#8222;La cum se prezint\u0103 situa\u021bia \u00een acest moment CCR va solu\u021biona luni pe fond cererea&hellip;<\/p>\n","protected":false},"author":0,"featured_media":12310,"comment_status":"open","ping_status":"open","sticky":false,"template":"","format":"standard","meta":{"footnotes":""},"categories":[2],"tags":[],"class_list":["post-12313","post","type-post","status-publish","format-standard","has-post-thumbnail","hentry","category-actual"],"_links":{"self":[{"href":"https:\/\/247stiri.ro\/index.php\/wp-json\/wp\/v2\/posts\/12313","targetHints":{"allow":["GET"]}}],"collection":[{"href":"https:\/\/247stiri.ro\/index.php\/wp-json\/wp\/v2\/posts"}],"about":[{"href":"https:\/\/247stiri.ro\/index.php\/wp-json\/wp\/v2\/types\/post"}],"replies":[{"embeddable":true,"href":"https:\/\/247stiri.ro\/index.php\/wp-json\/wp\/v2\/comments?post=12313"}],"version-history":[{"count":0,"href":"https:\/\/247stiri.ro\/index.php\/wp-json\/wp\/v2\/posts\/12313\/revisions"}],"wp:featuredmedia":[{"embeddable":true,"href":"https:\/\/247stiri.ro\/index.php\/wp-json\/wp\/v2\/media\/12310"}],"wp:attachment":[{"href":"https:\/\/247stiri.ro\/index.php\/wp-json\/wp\/v2\/media?parent=12313"}],"wp:term":[{"taxonomy":"category","embeddable":true,"href":"https:\/\/247stiri.ro\/index.php\/wp-json\/wp\/v2\/categories?post=12313"},{"taxonomy":"post_tag","embeddable":true,"href":"https:\/\/247stiri.ro\/index.php\/wp-json\/wp\/v2\/tags?post=12313"}],"curies":[{"name":"wp","href":"https:\/\/api.w.org\/{rel}","templated":true}]}}