{"id":12320,"date":"2024-11-30T20:45:12","date_gmt":"2024-11-30T20:45:12","guid":{"rendered":"https:\/\/247stiri.ro\/index.php\/2024\/11\/30\/alegeri-prezidentiale-2024-primul-judet-din-romania-care-anunta-rezultatul-in-urma-renumararii-voturilor-ce-s-a-observat\/"},"modified":"2024-11-30T20:45:12","modified_gmt":"2024-11-30T20:45:12","slug":"alegeri-prezidentiale-2024-primul-judet-din-romania-care-anunta-rezultatul-in-urma-renumararii-voturilor-ce-s-a-observat","status":"publish","type":"post","link":"https:\/\/247stiri.ro\/index.php\/2024\/11\/30\/alegeri-prezidentiale-2024-primul-judet-din-romania-care-anunta-rezultatul-in-urma-renumararii-voturilor-ce-s-a-observat\/","title":{"rendered":"Alegeri preziden\u021biale 2024. Primul jude\u021b din Rom\u00e2nia care anun\u021b\u0103 REZULTATUL \u00een urma renum\u0103r\u0103rii voturilor: ce s-a observat"},"content":{"rendered":"<p>\u201dBiroul Electoral Jude\u0163ean nr. 31 pentru alegerea Pre\u015fedintelui Rom\u00e2niei din anul 2024 informeaz\u0103 opinia public\u0103 cu privire la finalizarea procesului de completare a proceselor-verbale din sec\u0163iile de votare din jude\u0163. \u00cen acest moment, urmeaz\u0103 etapa de centralizare a datelor din aceste documente, conform procedurilor legale aplicabile. Preciz\u0103m c\u0103, \u00een urma analizei proceselor-verbale, au fost constatate modific\u0103ri de ordin tehnic, nesemnificative, aplicate \u00een mod unitar pentru to\u0163i competitorii electorali. \u00cen conformitate cu prevederile Deciziei nr. 205D\/28.11.2024 emise de Biroul Electoral Central, \u00eentreg procesul de centralizare a datelor \u00eenscrise \u00een procesele-verbale centralizatoare privind consemnarea rezultatului renum\u0103r\u0103rii voturilor valabil exprimate \u015fi a voturilor nule este realizat cu respectarea maxim\u0103 a confiden\u0163ialit\u0103\u0163ii\u201d, se arat\u0103 \u00eentr-un comunicat al BEJ Prahova, publicat, s\u00e2mb\u0103t\u0103 sear\u0103, de oficialii Prefecturii Prahova.\u00a0\u00a0Potrivit sursei citate, toate procesele-verbale vor fi p\u0103strate \u015fi transportate \u201d\u00een condi\u0163ii stricte de siguran\u0163\u0103, pentru a preveni accesul neautorizat la versiunile originale sau scanate ale acestora\u201d.\u00a0Procesul-verbal final, consolidat \u015fi centralizat, va fi transmis c\u0103tre Autoritatea Electoral\u0103 Permanent\u0103 duminic\u0103, la ora 21:00, conform calendarului stabilit oficial, mai arat\u0103 sursa citat\u0103.\u00a0\u201dMen\u0163ion\u0103m c\u0103 \u00eentregul proces de centralizare a datelor se desf\u0103\u015foar\u0103 sub stricta supraveghere a autorit\u0103\u0163ilor competente, \u00een conformitate cu calendarul oficial stabilit. Reiter\u0103m angajamentul nostru pentru asigurarea unui proces electoral transparent \u015fi corect \u015fi \u00eendemn\u0103m toate p\u0103r\u0163ile implicate s\u0103 se ab\u0163in\u0103 de la diseminarea informa\u0163iilor neconfirmate oficial\u201d, transmit reprezentan\u021bii BEJ Prahova.\u00a0\u00a0Apelul privind informa\u0163iile neconfirmate oficiale a fost f\u0103cut \u00een contextul \u00een care \u00een spa\u0163iul public au ap\u0103rut informa\u0163ii conform c\u0103rora, la renum\u0103rarea voturilor \u00een jude\u0163ul Prahova, ar fi fost descoperite 300 de voturi date pentru Ludovic Orban, retras din cursa preziden\u0163ial\u0103, voturi care ar fi fost atribuite Elenei Lasconi. BEJ Prahova a catalogat \u015ftirea ca fiind fals\u0103 \u015fi a dezmin\u0163it ferm aceast\u0103 informa\u0163ie, \u201dconsider\u00e2nd-o lipsit\u0103 de fundament \u015fi menit\u0103 s\u0103 induc\u0103 \u00een eroare opinia public\u0103\u201d.<\/p>","protected":false},"excerpt":{"rendered":"<p>\u201dBiroul Electoral Jude\u0163ean nr. 31 pentru alegerea Pre\u015fedintelui Rom\u00e2niei din anul 2024 informeaz\u0103 opinia public\u0103&hellip;<\/p>\n","protected":false},"author":0,"featured_media":12321,"comment_status":"open","ping_status":"open","sticky":false,"template":"","format":"standard","meta":{"footnotes":""},"categories":[3],"tags":[],"class_list":["post-12320","post","type-post","status-publish","format-standard","has-post-thumbnail","hentry","category-politica"],"_links":{"self":[{"href":"https:\/\/247stiri.ro\/index.php\/wp-json\/wp\/v2\/posts\/12320","targetHints":{"allow":["GET"]}}],"collection":[{"href":"https:\/\/247stiri.ro\/index.php\/wp-json\/wp\/v2\/posts"}],"about":[{"href":"https:\/\/247stiri.ro\/index.php\/wp-json\/wp\/v2\/types\/post"}],"replies":[{"embeddable":true,"href":"https:\/\/247stiri.ro\/index.php\/wp-json\/wp\/v2\/comments?post=12320"}],"version-history":[{"count":0,"href":"https:\/\/247stiri.ro\/index.php\/wp-json\/wp\/v2\/posts\/12320\/revisions"}],"wp:featuredmedia":[{"embeddable":true,"href":"https:\/\/247stiri.ro\/index.php\/wp-json\/wp\/v2\/media\/12321"}],"wp:attachment":[{"href":"https:\/\/247stiri.ro\/index.php\/wp-json\/wp\/v2\/media?parent=12320"}],"wp:term":[{"taxonomy":"category","embeddable":true,"href":"https:\/\/247stiri.ro\/index.php\/wp-json\/wp\/v2\/categories?post=12320"},{"taxonomy":"post_tag","embeddable":true,"href":"https:\/\/247stiri.ro\/index.php\/wp-json\/wp\/v2\/tags?post=12320"}],"curies":[{"name":"wp","href":"https:\/\/api.w.org\/{rel}","templated":true}]}}