{"id":12336,"date":"2024-11-30T22:44:49","date_gmt":"2024-11-30T22:44:49","guid":{"rendered":"https:\/\/247stiri.ro\/index.php\/2024\/11\/30\/barbat-impuscat-in-curtea-casei-sale-de-amicul-de-pahar-intre-cei-doi-ar-fi-izbucnit-un-conflict-spontan\/"},"modified":"2024-11-30T22:44:49","modified_gmt":"2024-11-30T22:44:49","slug":"barbat-impuscat-in-curtea-casei-sale-de-amicul-de-pahar-intre-cei-doi-ar-fi-izbucnit-un-conflict-spontan","status":"publish","type":"post","link":"https:\/\/247stiri.ro\/index.php\/2024\/11\/30\/barbat-impuscat-in-curtea-casei-sale-de-amicul-de-pahar-intre-cei-doi-ar-fi-izbucnit-un-conflict-spontan\/","title":{"rendered":"B\u0103rbat \u00eempu\u0219cat \u00een curtea casei sale, de amicul de pahar. \u00centre cei doi ar fi izbucnit un conflict spontan"},"content":{"rendered":"<p>Incidentul a avut loc \u00een curtea unei case din comuna prahovean\u0103 Bucov. O femeie a anun\u0163at Poli\u0163ia, \u00een jurul orei 20:45, despre faptul c\u0103 so\u0163ul s\u0103u ar fi fost \u00eempu\u015fcat de c\u0103tre un b\u0103rbat.\u00a0<\/p>\n<p>\u201d\u00cen baza sesiz\u0103rii, de urgen\u0163\u0103 la fa\u0163a locului s-a deplasat o echip\u0103 complex\u0103 de cercetare, format\u0103 din poli\u0163i\u015fti ai serviciilor de investiga\u0163ii criminale, arme, explozivi \u015fi substan\u0163e periculoase, criminalistic\u0103, ac\u0163iuni speciale, dar \u015fi ai Poli\u0163iei municipiului Ploie\u015fti, reie\u015find faptul c\u0103 aspectele sesizate se confirm\u0103. Din primele verific\u0103ri efectuate a reie\u015fit faptul c\u0103, pe fondul consumului de alcool, \u00eentre cei doi b\u0103rba\u0163i de 52, respectiv 53 de ani, a izbucnit un conflict spontan, acesta degener\u00e2nd, moment \u00een care b\u0103rbatul de 52 de ani l-ar fi \u00eempu\u015fcat pe cel\u0103lalt \u00een zona g\u00e2tului \u015fi a abdomenului\u201d, informeaz\u0103 Poli\u0163ia Prahova.\u00a0Cei doi b\u0103rba\u0163i b\u0103user\u0103 \u00eempreun\u0103, iar motivul pentru care s-au luat la ceart\u0103 nu a fost stabilit, deocamdat\u0103, au precizat pentru News.ro surse judiciare.\u00a0\u00a0B\u0103rbatul \u00eempu\u015fcat a fost transportat de urgen\u0163\u0103 la spital.\u00a0\u00a0Verific\u0103rile f\u0103cute de poli\u0163i\u015fti arat\u0103 c\u0103 agresorul a folosit o arm\u0103 neletal\u0103, cu proiectil de cauciuc, pe care o de\u0163ine legal. Aceasta va fi ridicat\u0103, \u00een vederea continu\u0103rii cercet\u0103rilor.\u00a0\u00a0S\u00e2mb\u0103t\u0103 sear\u0103, agresorul se afl\u0103 \u00een custodia Poli\u0163iei, urm\u00e2nd a fi luate m\u0103surile legale \u00een ceea ce \u00eel prive\u015fte.<\/p>","protected":false},"excerpt":{"rendered":"<p>Incidentul a avut loc \u00een curtea unei case din comuna prahovean\u0103 Bucov. O femeie a&hellip;<\/p>\n","protected":false},"author":0,"featured_media":12337,"comment_status":"open","ping_status":"open","sticky":false,"template":"","format":"standard","meta":{"footnotes":""},"categories":[2],"tags":[],"class_list":["post-12336","post","type-post","status-publish","format-standard","has-post-thumbnail","hentry","category-actual"],"_links":{"self":[{"href":"https:\/\/247stiri.ro\/index.php\/wp-json\/wp\/v2\/posts\/12336","targetHints":{"allow":["GET"]}}],"collection":[{"href":"https:\/\/247stiri.ro\/index.php\/wp-json\/wp\/v2\/posts"}],"about":[{"href":"https:\/\/247stiri.ro\/index.php\/wp-json\/wp\/v2\/types\/post"}],"replies":[{"embeddable":true,"href":"https:\/\/247stiri.ro\/index.php\/wp-json\/wp\/v2\/comments?post=12336"}],"version-history":[{"count":0,"href":"https:\/\/247stiri.ro\/index.php\/wp-json\/wp\/v2\/posts\/12336\/revisions"}],"wp:featuredmedia":[{"embeddable":true,"href":"https:\/\/247stiri.ro\/index.php\/wp-json\/wp\/v2\/media\/12337"}],"wp:attachment":[{"href":"https:\/\/247stiri.ro\/index.php\/wp-json\/wp\/v2\/media?parent=12336"}],"wp:term":[{"taxonomy":"category","embeddable":true,"href":"https:\/\/247stiri.ro\/index.php\/wp-json\/wp\/v2\/categories?post=12336"},{"taxonomy":"post_tag","embeddable":true,"href":"https:\/\/247stiri.ro\/index.php\/wp-json\/wp\/v2\/tags?post=12336"}],"curies":[{"name":"wp","href":"https:\/\/api.w.org\/{rel}","templated":true}]}}