{"id":1238,"date":"2024-10-23T15:10:27","date_gmt":"2024-10-23T15:10:27","guid":{"rendered":"https:\/\/247stiri.ro\/index.php\/2024\/10\/23\/masina-de-batut-a-militiei-legenda-care-le-dadea-fiori-romanilor\/"},"modified":"2024-10-23T15:10:27","modified_gmt":"2024-10-23T15:10:27","slug":"masina-de-batut-a-militiei-legenda-care-le-dadea-fiori-romanilor","status":"publish","type":"post","link":"https:\/\/247stiri.ro\/index.php\/2024\/10\/23\/masina-de-batut-a-militiei-legenda-care-le-dadea-fiori-romanilor\/","title":{"rendered":"Ma\u0219ina de b\u0103tut a Mili\u021biei. Legenda care le d\u0103dea fiori rom\u00e2nilor"},"content":{"rendered":"<p>Legenda ma\u0219inii de b\u0103tut, o instala\u021bie care permitea aplicarea unei pedepse fizice riguroase, f\u0103r\u0103 efort fizic, revine din c\u00e2nd \u00een c\u00e2nd pe re\u021belele de socializare. Cel mai probabil, este vorba de o exagerare lansat\u0103 \u00een Epoca de Aur cu scop distractiv sau pentru intimidare \u0219i transmis\u0103 de-a lungul timpului, cu diverse varia\u021biuni.<\/p>\n<p>\u201cEra un fel de cilindru gol, in care era b\u0103gat &#8222;aurolacul&#8221;. Cilindrul avea \u00een centru un ax pe care erau prinse, perpendicular, &#8222;pulanele&#8221;. C\u00e2nd axul se \u00eenv\u00e2rtea, &#8222;pulanele&#8221; loveau metodic \u0219i f\u0103r\u0103 a obosi\u201d, este una dintre descrierile ma\u0219inii de b\u0103tut a Mili\u021biei.\u00centrebat dac\u0103 nu cumva este vorba de o legend\u0103 a Epocii de Aur, autorul a dat asigur\u0103ri c\u0103 relatarea este real\u0103, f\u0103r\u0103 a oferi \u00eens\u0103 am\u0103nunte.O vag\u0103 trimite, ironic\u0103, a ajuns \u0219i \u00een celebrele bancuri cu Bul\u0103.<\/p>\n<p>Bul\u0103 se \u00eent\u00e2lne\u0219te cu un individ care umbl\u0103 agitat pe culoarul mili\u021biei cu o h\u00e2rtie \u00een m\u00een\u0103. Acesta se opre\u0219te: -Nu \u0219ti\u021bi cumva unde este ma\u0219ina de b\u0103tut? &#8211; Nu \u0219tiu, c\u0103 pe mine m-au b\u0103tut manual, r\u0103spunde Bul\u0103.<\/p>\n<p>\u00cen presa \u0219i memorialistica din perioada postcomunist\u0103 nu exist\u0103 relat\u0103ri privind existen\u021bei unei astfel de instala\u021bii omologate, care s\u0103 fi fost folosit\u0103 \u00een mod oficial.<\/p>\n<p>Cu toate acestea, nu este exclus\u0103 varianta ca la un moment dat s\u0103 fi existat astfel de dispozitive artizanale, poate \u00een perioada terorii \u00een masa dezl\u0103n\u021buite asupra de\u021binu\u021bilor politici, \u00een anii &#8217;50.<\/p>","protected":false},"excerpt":{"rendered":"<p>Legenda ma\u0219inii de b\u0103tut, o instala\u021bie care permitea aplicarea unei pedepse fizice riguroase, f\u0103r\u0103 efort&hellip;<\/p>\n","protected":false},"author":0,"featured_media":1239,"comment_status":"open","ping_status":"open","sticky":false,"template":"","format":"standard","meta":{"footnotes":""},"categories":[8],"tags":[],"class_list":["post-1238","post","type-post","status-publish","format-standard","has-post-thumbnail","hentry","category-lifestyle"],"_links":{"self":[{"href":"https:\/\/247stiri.ro\/index.php\/wp-json\/wp\/v2\/posts\/1238","targetHints":{"allow":["GET"]}}],"collection":[{"href":"https:\/\/247stiri.ro\/index.php\/wp-json\/wp\/v2\/posts"}],"about":[{"href":"https:\/\/247stiri.ro\/index.php\/wp-json\/wp\/v2\/types\/post"}],"replies":[{"embeddable":true,"href":"https:\/\/247stiri.ro\/index.php\/wp-json\/wp\/v2\/comments?post=1238"}],"version-history":[{"count":0,"href":"https:\/\/247stiri.ro\/index.php\/wp-json\/wp\/v2\/posts\/1238\/revisions"}],"wp:featuredmedia":[{"embeddable":true,"href":"https:\/\/247stiri.ro\/index.php\/wp-json\/wp\/v2\/media\/1239"}],"wp:attachment":[{"href":"https:\/\/247stiri.ro\/index.php\/wp-json\/wp\/v2\/media?parent=1238"}],"wp:term":[{"taxonomy":"category","embeddable":true,"href":"https:\/\/247stiri.ro\/index.php\/wp-json\/wp\/v2\/categories?post=1238"},{"taxonomy":"post_tag","embeddable":true,"href":"https:\/\/247stiri.ro\/index.php\/wp-json\/wp\/v2\/tags?post=1238"}],"curies":[{"name":"wp","href":"https:\/\/api.w.org\/{rel}","templated":true}]}}