{"id":12414,"date":"2024-12-01T08:45:28","date_gmt":"2024-12-01T08:45:28","guid":{"rendered":"https:\/\/247stiri.ro\/index.php\/2024\/12\/01\/nicolae-ciuca-mesaj-de-1-decembrie-este-datoria-noastra-sa-punem-stabilitatea-dialogul-si-respectul-pe-primul-loc\/"},"modified":"2024-12-01T08:45:28","modified_gmt":"2024-12-01T08:45:28","slug":"nicolae-ciuca-mesaj-de-1-decembrie-este-datoria-noastra-sa-punem-stabilitatea-dialogul-si-respectul-pe-primul-loc","status":"publish","type":"post","link":"https:\/\/247stiri.ro\/index.php\/2024\/12\/01\/nicolae-ciuca-mesaj-de-1-decembrie-este-datoria-noastra-sa-punem-stabilitatea-dialogul-si-respectul-pe-primul-loc\/","title":{"rendered":"Nicolae Ciuc\u0103, mesaj de 1 Decembrie: Este datoria noastr\u0103 s\u0103 punem stabilitatea, dialogul \u0219i respectul pe primul loc"},"content":{"rendered":"<p>&#8222;Ast\u0103zi, de 1 Decembrie, s\u0103rb\u0103torim \u00eempreun\u0103 Ziua Na\u021bional\u0103 a Rom\u00e2niei \u2013 o zi \u00eenc\u0103rcat\u0103 de emo\u021bie, m\u00e2ndrie \u0219i speran\u021b\u0103. Este momentul \u00een care ne reamintim de sacrificiile \u00eenainta\u0219ilor no\u0219tri, care au pus temelia unui stat unit \u0219i suveran, dar \u0219i de responsabilitatea pe care o avem s\u0103 ducem mai departe aceast\u0103 mo\u0219tenire.\u00a0Tr\u0103im vremuri marcate de provoc\u0103ri \u0219i decizii importante pentru viitorul \u021b\u0103rii noastre. \u00cen aceast\u0103 zi simbolic\u0103, suntem chema\u021bi s\u0103 ne exprim\u0103m dreptul fundamental de a vota, \u00eentr-un moment cheie pentru parcursul Rom\u00e2niei. Este datoria noastr\u0103 s\u0103 punem stabilitatea, dialogul \u0219i respectul fa\u021b\u0103 de cet\u0103\u021beni pe primul loc&#8221;, a transmis, duminic\u0103, Nicolae Ciuc\u0103 \u00een mesajul postat pe Facebook.\u00a0Pre\u0219edintele Senatului a precizat, totodat\u0103, c\u0103 \u00ee\u0219i dore\u0219te ca &#8222;aceast\u0103 zi s\u0103 ne reuneasc\u0103, indiferent de diferen\u021bele noastre de opinii, \u00een jurul valorilor care ne definesc ca na\u021biune: unitate, solidaritate \u0219i credin\u021b\u0103 \u00eentr-un viitor mai bun&#8221;.\u00a0Rom\u00e2nia are resursele \u0219i poten\u021bialul s\u0103 creasc\u0103, dar pentru asta e nevoie de munc\u0103, onestitate \u0219i curaj. La mul\u021bi ani, Rom\u00e2nia! La mul\u021bi ani tuturor rom\u00e2nilor, oriunde v-a\u021bi afla!&#8221;, a declarat Ciuc\u0103.<\/p>","protected":false},"excerpt":{"rendered":"<p>&#8222;Ast\u0103zi, de 1 Decembrie, s\u0103rb\u0103torim \u00eempreun\u0103 Ziua Na\u021bional\u0103 a Rom\u00e2niei \u2013 o zi \u00eenc\u0103rcat\u0103 de&hellip;<\/p>\n","protected":false},"author":0,"featured_media":12415,"comment_status":"open","ping_status":"open","sticky":false,"template":"","format":"standard","meta":{"footnotes":""},"categories":[3],"tags":[],"class_list":["post-12414","post","type-post","status-publish","format-standard","has-post-thumbnail","hentry","category-politica"],"_links":{"self":[{"href":"https:\/\/247stiri.ro\/index.php\/wp-json\/wp\/v2\/posts\/12414","targetHints":{"allow":["GET"]}}],"collection":[{"href":"https:\/\/247stiri.ro\/index.php\/wp-json\/wp\/v2\/posts"}],"about":[{"href":"https:\/\/247stiri.ro\/index.php\/wp-json\/wp\/v2\/types\/post"}],"replies":[{"embeddable":true,"href":"https:\/\/247stiri.ro\/index.php\/wp-json\/wp\/v2\/comments?post=12414"}],"version-history":[{"count":0,"href":"https:\/\/247stiri.ro\/index.php\/wp-json\/wp\/v2\/posts\/12414\/revisions"}],"wp:featuredmedia":[{"embeddable":true,"href":"https:\/\/247stiri.ro\/index.php\/wp-json\/wp\/v2\/media\/12415"}],"wp:attachment":[{"href":"https:\/\/247stiri.ro\/index.php\/wp-json\/wp\/v2\/media?parent=12414"}],"wp:term":[{"taxonomy":"category","embeddable":true,"href":"https:\/\/247stiri.ro\/index.php\/wp-json\/wp\/v2\/categories?post=12414"},{"taxonomy":"post_tag","embeddable":true,"href":"https:\/\/247stiri.ro\/index.php\/wp-json\/wp\/v2\/tags?post=12414"}],"curies":[{"name":"wp","href":"https:\/\/api.w.org\/{rel}","templated":true}]}}