{"id":12418,"date":"2024-12-01T08:45:29","date_gmt":"2024-12-01T08:45:29","guid":{"rendered":"https:\/\/247stiri.ro\/index.php\/2024\/12\/01\/maia-sandu-mesaj-pe-facebook-de-ziua-nationala-a-romaniei-o-romanie-puternica-este-o-romanie-europeana\/"},"modified":"2024-12-01T08:45:29","modified_gmt":"2024-12-01T08:45:29","slug":"maia-sandu-mesaj-pe-facebook-de-ziua-nationala-a-romaniei-o-romanie-puternica-este-o-romanie-europeana","status":"publish","type":"post","link":"https:\/\/247stiri.ro\/index.php\/2024\/12\/01\/maia-sandu-mesaj-pe-facebook-de-ziua-nationala-a-romaniei-o-romanie-puternica-este-o-romanie-europeana\/","title":{"rendered":"Maia Sandu, mesaj pe Facebook de Ziua Na\u021bional\u0103 a Rom\u00e2niei: &#8222;O Rom\u00e2nie puternic\u0103 este o Rom\u00e2nie european\u0103&#8221;"},"content":{"rendered":"<p>\u201d1 Decembrie este o zi plin\u0103 de semnifica\u0163ie pentru to\u0163i cei care iubesc Rom\u00e2nia. Noi, cei din Republica Moldova, iubim Rom\u00e2nia a\u015fa cum iube\u015fti o sor\u0103 mai mare: pentru c\u0103 avem acelea\u015fi r\u0103d\u0103cini, aceea\u015fi limb\u0103, aceea\u015fi credin\u0163\u0103 \u00eentr-un viitor mai bun. Tr\u0103im vremuri care pun la \u00eencercare democra\u0163ia \u015fi valorile noastre comune. Rom\u00e2nia \u015fi Republica Moldova trec, fiecare, prin momente dificile. Dar fiecare \u00eencercare este \u015fi un prilej de a ne sprijini reciproc \u015fi de a demonstra c\u0103, \u00eempreun\u0103, suntem mai puternici. Ast\u0103zi, mai mult ca oric\u00e2nd, Republica Moldova are nevoie de o Rom\u00e2nie puternic\u0103. O Rom\u00e2nie puternic\u0103 este o Rom\u00e2nie european\u0103. Moldova \u015fi Rom\u00e2nia, unite sub drapelul Uniunii Europene, vor fi mai puternice \u00eempreun\u0103. La mul\u0163i ani, Rom\u00e2nia!\u201d, a declarat Maia Sandu, \u00een mesajul postat pe Facebook.<\/p>\n<p>\u00a0<\/p>\n<p>De Ziua Na\u0163ional\u0103 a Rom\u00e2niei vor avea loc ceremonii militare \u015fi religioase \u00een majoritatea garnizoanelor din \u0163ar\u0103. \u00cen Bucure\u015fti, peste 2.500 de militari \u015fi speciali\u015fti vor participa la Parada Militar\u0103, iar ziua se va \u00eencheia cu retragerea cu tor\u0163e a militarilor Brig\u0103zii 30 Gard\u0103 \u201dMihai Viteazul\u201d.\u00a0<\/p>","protected":false},"excerpt":{"rendered":"<p>\u201d1 Decembrie este o zi plin\u0103 de semnifica\u0163ie pentru to\u0163i cei care iubesc Rom\u00e2nia. Noi,&hellip;<\/p>\n","protected":false},"author":0,"featured_media":12410,"comment_status":"open","ping_status":"open","sticky":false,"template":"","format":"standard","meta":{"footnotes":""},"categories":[2],"tags":[],"class_list":["post-12418","post","type-post","status-publish","format-standard","has-post-thumbnail","hentry","category-actual"],"_links":{"self":[{"href":"https:\/\/247stiri.ro\/index.php\/wp-json\/wp\/v2\/posts\/12418","targetHints":{"allow":["GET"]}}],"collection":[{"href":"https:\/\/247stiri.ro\/index.php\/wp-json\/wp\/v2\/posts"}],"about":[{"href":"https:\/\/247stiri.ro\/index.php\/wp-json\/wp\/v2\/types\/post"}],"replies":[{"embeddable":true,"href":"https:\/\/247stiri.ro\/index.php\/wp-json\/wp\/v2\/comments?post=12418"}],"version-history":[{"count":0,"href":"https:\/\/247stiri.ro\/index.php\/wp-json\/wp\/v2\/posts\/12418\/revisions"}],"wp:featuredmedia":[{"embeddable":true,"href":"https:\/\/247stiri.ro\/index.php\/wp-json\/wp\/v2\/media\/12410"}],"wp:attachment":[{"href":"https:\/\/247stiri.ro\/index.php\/wp-json\/wp\/v2\/media?parent=12418"}],"wp:term":[{"taxonomy":"category","embeddable":true,"href":"https:\/\/247stiri.ro\/index.php\/wp-json\/wp\/v2\/categories?post=12418"},{"taxonomy":"post_tag","embeddable":true,"href":"https:\/\/247stiri.ro\/index.php\/wp-json\/wp\/v2\/tags?post=12418"}],"curies":[{"name":"wp","href":"https:\/\/api.w.org\/{rel}","templated":true}]}}