{"id":12426,"date":"2024-12-01T08:45:30","date_gmt":"2024-12-01T08:45:30","guid":{"rendered":"https:\/\/247stiri.ro\/index.php\/2024\/12\/01\/tanara-de-18-ani-sanctionata-pentru-injurii-electorale-pe-retelele-de-socializare-la-sibiu\/"},"modified":"2024-12-01T08:45:30","modified_gmt":"2024-12-01T08:45:30","slug":"tanara-de-18-ani-sanctionata-pentru-injurii-electorale-pe-retelele-de-socializare-la-sibiu","status":"publish","type":"post","link":"https:\/\/247stiri.ro\/index.php\/2024\/12\/01\/tanara-de-18-ani-sanctionata-pentru-injurii-electorale-pe-retelele-de-socializare-la-sibiu\/","title":{"rendered":"T\u00e2n\u0103r\u0103 de 18 ani, sanc\u0163ionat\u0103 pentru injurii electorale pe re\u0163elele de socializare, la Sibiu"},"content":{"rendered":"<p>&#8222;\u00cen ultimele 24 de ore, \u00een jude\u0163ul Sibiu s-a \u00eenregistrat un singur<a href=\"https:\/\/www.realitatea.net\/stiri\/actual\/incidente-la-o-sectie-de-votare-din-cluj-a-vrut-sa-ofere-ciocolata-in-sectie-apoi-a-facut-scandal-peste-100-de-incidente-raportate-in-ultimele-24-de-ore_674c0d638469d625957f40e4\" target=\"_blank\"> incident<\/a> \u00een context electoral. O t\u00e2n\u0103r\u0103 \u00een v\u00e2rst\u0103 de 18 ani, din municipiul Sibiu, a fost sanc\u0163ionat\u0103 contraven\u0163ional cu avertisment scris dup\u0103 ce ar fi postat pe re\u0163elele de socializare injurii \u015fi expresii jignitoare \u00een context electoral&#8221;, a precizat Elena Welter, purt\u0103torul de cuv\u00e2nt al IPJ Sibiu.<\/p>\n<p><a href=\"https:\/\/www.realitatea.net\/stiri\/actual\/incident-la-vot-un-constantean-sia-fotografiat-buletinul-de-vot-in-cabina_674c0dd18469d625957f40eb\" target=\"_blank\">Incident la vot. Un const\u0103n\u021bean \u0219i-a fotografiat buletinul de vot \u00een cabin\u0103<\/a><\/p>\n<p>La nivelul jude\u0163ului Sibiu sunt mobiliza\u0163i aproximativ 1.300 de poli\u0163i\u015fti, jandarmi, pompieri, poli\u0163i\u015fti de frontier\u0103 \u015fi lucr\u0103tori de la alte structuri, dintre care 1.000 asigur\u0103 protec\u0163ia sec\u0163iilor de vot.\u00a0<\/p>\n<p><a href=\"https:\/\/www.realitatea.net\/stiri\/actual\/politist-de-38-de-ani-gasit-impuscat-in-cap-la-iasi-sa-deschis-o-ancheta-uriasa_674c098f6a37617ee90d8832\" target=\"_blank\">Poli\u021bist de 38 de ani, g\u0103sit \u00eempu\u0219cat \u00een cap, la Ia\u0219i. S-a deschis o anchet\u0103 uria\u0219\u0103<\/a><\/p>","protected":false},"excerpt":{"rendered":"<p>&#8222;\u00cen ultimele 24 de ore, \u00een jude\u0163ul Sibiu s-a \u00eenregistrat un singur incident \u00een context&hellip;<\/p>\n","protected":false},"author":0,"featured_media":12427,"comment_status":"open","ping_status":"open","sticky":false,"template":"","format":"standard","meta":{"footnotes":""},"categories":[2],"tags":[],"class_list":["post-12426","post","type-post","status-publish","format-standard","has-post-thumbnail","hentry","category-actual"],"_links":{"self":[{"href":"https:\/\/247stiri.ro\/index.php\/wp-json\/wp\/v2\/posts\/12426","targetHints":{"allow":["GET"]}}],"collection":[{"href":"https:\/\/247stiri.ro\/index.php\/wp-json\/wp\/v2\/posts"}],"about":[{"href":"https:\/\/247stiri.ro\/index.php\/wp-json\/wp\/v2\/types\/post"}],"replies":[{"embeddable":true,"href":"https:\/\/247stiri.ro\/index.php\/wp-json\/wp\/v2\/comments?post=12426"}],"version-history":[{"count":0,"href":"https:\/\/247stiri.ro\/index.php\/wp-json\/wp\/v2\/posts\/12426\/revisions"}],"wp:featuredmedia":[{"embeddable":true,"href":"https:\/\/247stiri.ro\/index.php\/wp-json\/wp\/v2\/media\/12427"}],"wp:attachment":[{"href":"https:\/\/247stiri.ro\/index.php\/wp-json\/wp\/v2\/media?parent=12426"}],"wp:term":[{"taxonomy":"category","embeddable":true,"href":"https:\/\/247stiri.ro\/index.php\/wp-json\/wp\/v2\/categories?post=12426"},{"taxonomy":"post_tag","embeddable":true,"href":"https:\/\/247stiri.ro\/index.php\/wp-json\/wp\/v2\/tags?post=12426"}],"curies":[{"name":"wp","href":"https:\/\/api.w.org\/{rel}","templated":true}]}}