{"id":12456,"date":"2024-12-01T09:45:04","date_gmt":"2024-12-01T09:45:04","guid":{"rendered":"https:\/\/247stiri.ro\/index.php\/2024\/12\/01\/1-decembrie-2024-cine-a-spus-prima-data-ca-romania-este-gradina-maicii-domnului\/"},"modified":"2024-12-01T09:45:04","modified_gmt":"2024-12-01T09:45:04","slug":"1-decembrie-2024-cine-a-spus-prima-data-ca-romania-este-gradina-maicii-domnului","status":"publish","type":"post","link":"https:\/\/247stiri.ro\/index.php\/2024\/12\/01\/1-decembrie-2024-cine-a-spus-prima-data-ca-romania-este-gradina-maicii-domnului\/","title":{"rendered":"1 Decembrie 2024. Cine a spus prima dat\u0103 c\u0103 Rom\u00e2nia este \u201eGr\u0103dina Maicii Domnului\u201d?"},"content":{"rendered":"<p>Papa Francisc \u00een 2019 \u0219i Papa Ioan Paul al II-lea \u00een 1999 au reiterat \u00een vizitele lor un fapt vehiculat \u00een tradi\u021bia noastr\u0103 \u00eenc\u0103 din secolul al XV-lea, acela c\u0103 Rom\u00e2nia este \u201eGr\u0103dina Maicii Domnului\u201d.<\/p>\n<p>Pu\u021bini \u0219tiu \u00eens\u0103 de unde vine acest apelativ. El are la baz\u0103 o minune petrecut\u0103 \u00een jude\u0163ul Neam\u0163, la M\u0103n\u0103stirea Bisericani pe vremea Sf\u00e2ntului Cuvios Iosif.<\/p>\n<p>\u201eGr\u0103dina Maicii Domnului\u201d este asimilat\u0103 de cre\u015ftinii ortodoc\u015fi, \u00een general, ansamblului monastic de pe Muntele Athos.<\/p>\n<p>\u00cen 1499, Cuviosul Iosif de la Bisericani \u015fi ucenicii s\u0103i au \u00eenceput s\u0103 construiasc\u0103 o biseric\u0103. \u00cens\u0103 din cauza r\u0103zboaielor \u0219i a altor probleme ale vremii au renun\u021bat acest demers \u0219i au hot\u0103r\u00e2t s\u0103 plece \u00een Sf\u00e2ntul Munte Athos, supranumit \u201eGr\u0103dina Maicii Domnului\u201d.<\/p>\n<p>La plecare, Fecioara Maria li s-a ar\u0103tat \u00eentr-un stejar \u0219i i-a oprit s\u0103 plece.<\/p>\n<p>\u201eDin stejarul respectiv, pe care credincio\u015fii puneau adesea icoana Maicii Domnului, le-a spus Ea c\u0103lug\u0103rilor: \u00abNu mai merge\u0163i la Muntele Athos, pentru c\u0103 \u015fi aici este gr\u0103dina Mea\u00bb. \u015ei de-atunci s-a spus c\u0103 \u015fi Rom\u00e2nia este Gr\u0103dina Maicii Domnului\u201d,\u00a0a amintit\u00a0Patriarhul Daniel \u00eentr-una din predicile sale.<\/p>\n<p>Monahii au g\u0103sit \u00eentr-o scorbur\u0103 a stejarului din care a gl\u0103suit Maica Domnului o icoan\u0103 f\u0103c\u0103toare de minuni, iar pe acel loc a fost construit\u0103 o bisericu\u0163\u0103 de lemn.<\/p>\n<p>R\u0103d\u0103cinile acelui stejar se afl\u0103 \u0219i acum la Bisericani, \u00eentr-o biseric\u0103 nou\u0103 sfin\u021bit\u0103 de Patriarhul Rom\u00e2niei pe vremea p\u0103storirii sale ca Mitropolit al Moldovei \u0219i Bucovinei pe 3 octombrie 1999, la \u00eemplinirea a 500 de ani de la apari\u021bia Maicii Domnului.<\/p>\n<p>A\u0219adar, \u00eens\u0103\u0219i Maica Domnului a spus pentru prima dat\u0103 c\u0103 Rom\u00e2nia este Gr\u0103dina Ei.<\/p>","protected":false},"excerpt":{"rendered":"<p>Papa Francisc \u00een 2019 \u0219i Papa Ioan Paul al II-lea \u00een 1999 au reiterat \u00een&hellip;<\/p>\n","protected":false},"author":0,"featured_media":12440,"comment_status":"open","ping_status":"open","sticky":false,"template":"","format":"standard","meta":{"footnotes":""},"categories":[2],"tags":[],"class_list":["post-12456","post","type-post","status-publish","format-standard","has-post-thumbnail","hentry","category-actual"],"_links":{"self":[{"href":"https:\/\/247stiri.ro\/index.php\/wp-json\/wp\/v2\/posts\/12456","targetHints":{"allow":["GET"]}}],"collection":[{"href":"https:\/\/247stiri.ro\/index.php\/wp-json\/wp\/v2\/posts"}],"about":[{"href":"https:\/\/247stiri.ro\/index.php\/wp-json\/wp\/v2\/types\/post"}],"replies":[{"embeddable":true,"href":"https:\/\/247stiri.ro\/index.php\/wp-json\/wp\/v2\/comments?post=12456"}],"version-history":[{"count":0,"href":"https:\/\/247stiri.ro\/index.php\/wp-json\/wp\/v2\/posts\/12456\/revisions"}],"wp:featuredmedia":[{"embeddable":true,"href":"https:\/\/247stiri.ro\/index.php\/wp-json\/wp\/v2\/media\/12440"}],"wp:attachment":[{"href":"https:\/\/247stiri.ro\/index.php\/wp-json\/wp\/v2\/media?parent=12456"}],"wp:term":[{"taxonomy":"category","embeddable":true,"href":"https:\/\/247stiri.ro\/index.php\/wp-json\/wp\/v2\/categories?post=12456"},{"taxonomy":"post_tag","embeddable":true,"href":"https:\/\/247stiri.ro\/index.php\/wp-json\/wp\/v2\/tags?post=12456"}],"curies":[{"name":"wp","href":"https:\/\/api.w.org\/{rel}","templated":true}]}}