{"id":12458,"date":"2024-12-01T09:45:04","date_gmt":"2024-12-01T09:45:04","guid":{"rendered":"https:\/\/247stiri.ro\/index.php\/2024\/12\/01\/sosoaca-un-nou-gest-reprobabil-l-a-celebrat-pe-legionarul-corneliu-zelea-codreanu-la-troita-acestuia-din-tancabesti-video\/"},"modified":"2024-12-01T09:45:04","modified_gmt":"2024-12-01T09:45:04","slug":"sosoaca-un-nou-gest-reprobabil-l-a-celebrat-pe-legionarul-corneliu-zelea-codreanu-la-troita-acestuia-din-tancabesti-video","status":"publish","type":"post","link":"https:\/\/247stiri.ro\/index.php\/2024\/12\/01\/sosoaca-un-nou-gest-reprobabil-l-a-celebrat-pe-legionarul-corneliu-zelea-codreanu-la-troita-acestuia-din-tancabesti-video\/","title":{"rendered":"\u0218o\u0219oac\u0103, un nou gest reprobabil. L-a celebrat pe legionarul Corneliu Zelea Codreanu, la troi\u021ba acestuia din T\u00e2nc\u0103be\u0219ti VIDEO"},"content":{"rendered":"<p>\u201dE dreptul meu s\u0103 consider pe cine vreau eu patriot\u201d, a afirmat Diana \u015eo\u015foac\u0103 \u00een transmisiunea f\u0103cut\u0103 pe Facebook.\u00a0<\/p>\n<p>\u00cen urma acestei situa\u0163ii, poli\u0163i\u015ftii au deschis un dosar penal.\u00a0\u00a0\u201dPoli\u0163i\u015ftii IPJ Ilfov efectueaz\u0103 cercet\u0103ri, \u00een cadrul unui dosar penal, \u00eentocmit sub aspectul s\u0103v\u00e2r\u015firii infrac\u0163iunii prev\u0103zute de OUG 31\/2002, privind interzicerea organiza\u0163iilor, simbolurilor \u015fi faptelor cu caracter fascist, legionar, rasist sau xenofob \u015fi a promov\u0103rii cultului persoanelor vinovate de s\u0103v\u00e2r\u015firea unor infrac\u0163iuni de genocid contra umanit\u0103\u0163ii \u015fi de crime de r\u0103zboi, art. 5, respectiv \u00abFapta persoanei de a promova, \u00een public, cultul persoanelor vinovate de s\u0103v\u00e2r\u015firea unor infrac\u0163iuni de genocid contra umanit\u0103\u0163ii \u015fi de crime de r\u0103zboi, precum \u015fi fapta de a promova, \u00een public, idei, concep\u0163ii sau doctrine fasciste, legionare, rasiste sau xenofobe, \u00een sensul art. 2 lit. a), se pedepse\u015fte cu \u00eenchisoare de la 3 luni la 3 ani \u015fi interzicerea unor drepturi\u00bb\u201d, au anun\u0163at reprezentan\u0163ii IPJ Ilfov.\u00a0Ei au men\u0163ionat c\u0103 se fac cercet\u0103ri pentru identificarea tuturor persoanele participante la acea activitate.<\/p>\n<p>\u00a0<\/p>","protected":false},"excerpt":{"rendered":"<p>\u201dE dreptul meu s\u0103 consider pe cine vreau eu patriot\u201d, a afirmat Diana \u015eo\u015foac\u0103 \u00een&hellip;<\/p>\n","protected":false},"author":0,"featured_media":12459,"comment_status":"open","ping_status":"open","sticky":false,"template":"","format":"standard","meta":{"footnotes":""},"categories":[2],"tags":[],"class_list":["post-12458","post","type-post","status-publish","format-standard","has-post-thumbnail","hentry","category-actual"],"_links":{"self":[{"href":"https:\/\/247stiri.ro\/index.php\/wp-json\/wp\/v2\/posts\/12458","targetHints":{"allow":["GET"]}}],"collection":[{"href":"https:\/\/247stiri.ro\/index.php\/wp-json\/wp\/v2\/posts"}],"about":[{"href":"https:\/\/247stiri.ro\/index.php\/wp-json\/wp\/v2\/types\/post"}],"replies":[{"embeddable":true,"href":"https:\/\/247stiri.ro\/index.php\/wp-json\/wp\/v2\/comments?post=12458"}],"version-history":[{"count":0,"href":"https:\/\/247stiri.ro\/index.php\/wp-json\/wp\/v2\/posts\/12458\/revisions"}],"wp:featuredmedia":[{"embeddable":true,"href":"https:\/\/247stiri.ro\/index.php\/wp-json\/wp\/v2\/media\/12459"}],"wp:attachment":[{"href":"https:\/\/247stiri.ro\/index.php\/wp-json\/wp\/v2\/media?parent=12458"}],"wp:term":[{"taxonomy":"category","embeddable":true,"href":"https:\/\/247stiri.ro\/index.php\/wp-json\/wp\/v2\/categories?post=12458"},{"taxonomy":"post_tag","embeddable":true,"href":"https:\/\/247stiri.ro\/index.php\/wp-json\/wp\/v2\/tags?post=12458"}],"curies":[{"name":"wp","href":"https:\/\/api.w.org\/{rel}","templated":true}]}}