{"id":12461,"date":"2024-12-01T09:45:05","date_gmt":"2024-12-01T09:45:05","guid":{"rendered":"https:\/\/247stiri.ro\/index.php\/2024\/12\/01\/inca-un-politist-s-a-impuscat-in-cap-de-ziua-nationala-barbatul-a-decedat\/"},"modified":"2024-12-01T09:45:05","modified_gmt":"2024-12-01T09:45:05","slug":"inca-un-politist-s-a-impuscat-in-cap-de-ziua-nationala-barbatul-a-decedat","status":"publish","type":"post","link":"https:\/\/247stiri.ro\/index.php\/2024\/12\/01\/inca-un-politist-s-a-impuscat-in-cap-de-ziua-nationala-barbatul-a-decedat\/","title":{"rendered":"\u00cenc\u0103 un poli\u021bist s-a \u00eempu\u0219cat \u00een cap de Ziua Na\u021bional\u0103: b\u0103rbatul a DECEDAT"},"content":{"rendered":"<p>UPDATE\u00a0 &#8211; Potrivit IPJ Alba, din nefericire, poli\u021bistul nu a r\u0103spuns manevrelor de resuscitare, fiind declarat decesul acestuia de c\u0103tre medici.\u00a0Cercet\u0103rile sunt continuate sub aspectul s\u0103v\u00e2r\u0219irii infrac\u021biunii de ucidere din culp\u0103.\u00a0\u0218TIREA INI\u021aIAL\u0102\u00a0\u00a0\u201dLa data de 1 decembrie 2024, \u00een jurul orei 09.10, \u00een timp ce se afla la sediul Poli\u0163iei Ora\u015fului Abrud, un poli\u0163ist, \u00een v\u00e2rst\u0103 de 50 de ani, din Abrud, a fost g\u0103sit \u00een biroul s\u0103u, prezent\u00e2nd o plag\u0103 \u00eempu\u015fcat\u0103 \u00een zona capului\u201d, anun\u0163\u0103 IPJ Alba.\u00a0\u00cen prezent, acesta prime\u015fte \u00eengrijiri medicale.\u00a0\u00a0\u00cen acest caz, se desf\u0103\u015foar\u0103 cercet\u0103ri pentru v\u0103t\u0103mare corporal\u0103 din culp\u0103, fiind informat procurorul de serviciu din cadrul Parchetului de pe l\u00e2ng\u0103 Tribunalul Alba.<\/p>","protected":false},"excerpt":{"rendered":"<p>UPDATE\u00a0 &#8211; Potrivit IPJ Alba, din nefericire, poli\u021bistul nu a r\u0103spuns manevrelor de resuscitare, fiind&hellip;<\/p>\n","protected":false},"author":0,"featured_media":12462,"comment_status":"open","ping_status":"open","sticky":false,"template":"","format":"standard","meta":{"footnotes":""},"categories":[2],"tags":[],"class_list":["post-12461","post","type-post","status-publish","format-standard","has-post-thumbnail","hentry","category-actual"],"_links":{"self":[{"href":"https:\/\/247stiri.ro\/index.php\/wp-json\/wp\/v2\/posts\/12461","targetHints":{"allow":["GET"]}}],"collection":[{"href":"https:\/\/247stiri.ro\/index.php\/wp-json\/wp\/v2\/posts"}],"about":[{"href":"https:\/\/247stiri.ro\/index.php\/wp-json\/wp\/v2\/types\/post"}],"replies":[{"embeddable":true,"href":"https:\/\/247stiri.ro\/index.php\/wp-json\/wp\/v2\/comments?post=12461"}],"version-history":[{"count":0,"href":"https:\/\/247stiri.ro\/index.php\/wp-json\/wp\/v2\/posts\/12461\/revisions"}],"wp:featuredmedia":[{"embeddable":true,"href":"https:\/\/247stiri.ro\/index.php\/wp-json\/wp\/v2\/media\/12462"}],"wp:attachment":[{"href":"https:\/\/247stiri.ro\/index.php\/wp-json\/wp\/v2\/media?parent=12461"}],"wp:term":[{"taxonomy":"category","embeddable":true,"href":"https:\/\/247stiri.ro\/index.php\/wp-json\/wp\/v2\/categories?post=12461"},{"taxonomy":"post_tag","embeddable":true,"href":"https:\/\/247stiri.ro\/index.php\/wp-json\/wp\/v2\/tags?post=12461"}],"curies":[{"name":"wp","href":"https:\/\/api.w.org\/{rel}","templated":true}]}}