{"id":12472,"date":"2024-12-01T10:44:56","date_gmt":"2024-12-01T10:44:56","guid":{"rendered":"https:\/\/247stiri.ro\/index.php\/2024\/12\/01\/incidente-la-parlamentare-2024-un-presedinte-de-sectie-de-votare-din-ploiesti-a-intocmit-procesul-verbal-de-numarare-a-voturilor-la-inceperea-votarii\/"},"modified":"2024-12-01T10:44:56","modified_gmt":"2024-12-01T10:44:56","slug":"incidente-la-parlamentare-2024-un-presedinte-de-sectie-de-votare-din-ploiesti-a-intocmit-procesul-verbal-de-numarare-a-voturilor-la-inceperea-votarii","status":"publish","type":"post","link":"https:\/\/247stiri.ro\/index.php\/2024\/12\/01\/incidente-la-parlamentare-2024-un-presedinte-de-sectie-de-votare-din-ploiesti-a-intocmit-procesul-verbal-de-numarare-a-voturilor-la-inceperea-votarii\/","title":{"rendered":"Incidente la parlamentare 2024. Un pre\u0219edinte de sec\u021bie de votare din Ploie\u0219ti a \u00eentocmit procesul verbal de num\u0103rare a voturilor la \u00eenceperea vot\u0103rii"},"content":{"rendered":"<p>Poli\u0163i\u015ftii Sec\u0163iei de Poli\u0163ie nr. 3 Ploie\u015fti au fost sesiza\u0163i, duminic\u0103, despre faptul c\u0103 pre\u015fedintele unei sec\u0163ii din municipiu a \u00eentocmit procesul verbal de num\u0103rare a voturilor la \u00eenceperea procesului de votare, documentul fiind semnat de doi membri ai comisiei.&#8221;Poli\u0163i\u015ftii s-au deplasat la fa\u0163a locului \u015fi au constatat faptul c\u0103 un b\u0103rbat de 47 de ani, av\u00e2nd calitatea de pre\u015fedinte al unei sec\u0163ii de votare din municipiul Ploie\u015fti, a \u00eentocmit procesul verbal privind num\u0103r\u0103toarea voturilor, la \u00eenceperea procesului de votare. Documentul \u00een cauz\u0103 a fost semnat de c\u0103tre doi membri ai comisiei, f\u0103r\u0103 c\u0103 ace\u015ftia s\u0103 fie obliga\u0163i&#8221;, informeaz\u0103 Inspectoratul Jude\u0163ean de Poli\u0163ie Prahova.Conform sursei citate, \u00een urma verific\u0103rilor \u015fi a investiga\u0163iilor efectuate s-a constatat faptul c\u0103 \u00een cauz\u0103 sunt aplicabile prevederile articolului 98 alin. (1) litera s din Legea nr. 208\/2015 privind alegerea Senatului \u015fi Camera Deputa\u0163ilor, precum \u015fi organizarea \u015fi func\u0163ionarea Autorit\u0103\u0163ii Electorale Permanente.&#8221;Potrivit articolului 99 alin.2 litera b, constatarea contraven\u0163iei men\u0163ionate \u015fi aplicarea sanc\u0163iunilor se face de c\u0103tre biroul electoral ierarhic superior. Documentele \u00eentocmite au fost \u00eenainte autorit\u0103\u0163ii competente, respectiv Biroului Electoral Jude\u0163ean nr.31 Prahova, \u00een vederea dispunerii m\u0103surilor legale&#8221;, a transmis IJP.\u00a0<\/p>","protected":false},"excerpt":{"rendered":"<p>Poli\u0163i\u015ftii Sec\u0163iei de Poli\u0163ie nr. 3 Ploie\u015fti au fost sesiza\u0163i, duminic\u0103, despre faptul c\u0103 pre\u015fedintele&hellip;<\/p>\n","protected":false},"author":0,"featured_media":12473,"comment_status":"open","ping_status":"open","sticky":false,"template":"","format":"standard","meta":{"footnotes":""},"categories":[3],"tags":[],"class_list":["post-12472","post","type-post","status-publish","format-standard","has-post-thumbnail","hentry","category-politica"],"_links":{"self":[{"href":"https:\/\/247stiri.ro\/index.php\/wp-json\/wp\/v2\/posts\/12472","targetHints":{"allow":["GET"]}}],"collection":[{"href":"https:\/\/247stiri.ro\/index.php\/wp-json\/wp\/v2\/posts"}],"about":[{"href":"https:\/\/247stiri.ro\/index.php\/wp-json\/wp\/v2\/types\/post"}],"replies":[{"embeddable":true,"href":"https:\/\/247stiri.ro\/index.php\/wp-json\/wp\/v2\/comments?post=12472"}],"version-history":[{"count":0,"href":"https:\/\/247stiri.ro\/index.php\/wp-json\/wp\/v2\/posts\/12472\/revisions"}],"wp:featuredmedia":[{"embeddable":true,"href":"https:\/\/247stiri.ro\/index.php\/wp-json\/wp\/v2\/media\/12473"}],"wp:attachment":[{"href":"https:\/\/247stiri.ro\/index.php\/wp-json\/wp\/v2\/media?parent=12472"}],"wp:term":[{"taxonomy":"category","embeddable":true,"href":"https:\/\/247stiri.ro\/index.php\/wp-json\/wp\/v2\/categories?post=12472"},{"taxonomy":"post_tag","embeddable":true,"href":"https:\/\/247stiri.ro\/index.php\/wp-json\/wp\/v2\/tags?post=12472"}],"curies":[{"name":"wp","href":"https:\/\/api.w.org\/{rel}","templated":true}]}}