{"id":12571,"date":"2024-12-01T13:44:49","date_gmt":"2024-12-01T13:44:49","guid":{"rendered":"https:\/\/247stiri.ro\/index.php\/2024\/12\/01\/selectionerul-mircea-lucescu-va-primi-titlul-de-cetatean-de-onoare-al-municipiului-iasi\/"},"modified":"2024-12-01T13:44:49","modified_gmt":"2024-12-01T13:44:49","slug":"selectionerul-mircea-lucescu-va-primi-titlul-de-cetatean-de-onoare-al-municipiului-iasi","status":"publish","type":"post","link":"https:\/\/247stiri.ro\/index.php\/2024\/12\/01\/selectionerul-mircea-lucescu-va-primi-titlul-de-cetatean-de-onoare-al-municipiului-iasi\/","title":{"rendered":"Selec\u0163ionerul Mircea Lucescu va primi titlul de Cet\u0103\u0163ean de Onoare al Municipiului Ia\u015fi"},"content":{"rendered":"<p>Duminic\u0103, 1 decembrie, selec\u0163ionerul Mircea Lucescu va participa la Gala \u201ePremiile Na\u0163ionale Negruzzi\u201d, eveniment ce v avea loc la Aula Bibliotecii Centrale Universitare \u201eMihai Eminescu\u201d din Ia\u015fi, prilej cu care va primi Premiul Special \u201eDana Konya-Petri\u015for\u201d, informeaz\u0103 frf.ro.<\/p>\n<p>Luni, 2 decembrie, de la ora 17.00, Mircea Lucescu \u00ee\u015fi va lansa la Ia\u015fi volumul \u201eMirajul gazonului\u201d, o edi\u0163ie a II-a rev\u0103zut\u0103 \u015fi ad\u0103ugit\u0103 tip\u0103rit\u0103 la Editura Junimea. Cartea a v\u0103zut lumina tiparului \u00een anul 1981.<\/p>\n<p>\u00cen cadrul aceluia\u015fi eveniment ce va avea loc la Sala Mare a Prim\u0103riei, selec\u0163ionerul Mircea Lucescu va primit \u015fi titlul de Cet\u0103\u0163ean de Onoare al Municipiului Ia\u015fi din partea primarului Mihai Chirica.<\/p>\n<p>\u201eVizita domnului Mircea Lucescu la Ia\u015fi este motivat\u0103 de dou\u0103 evenimente, lansarea edi\u0163iei a II-a a c\u0103r\u0163ii scrise de domnia sa \u015fi primirea titlului de Cet\u0103\u0163ean de Onoare al Municipiului Ia\u015fi. Evenimentul se va petrece pentru ambele etape \u00een Sala Mare a Prim\u0103riei \u00een ziua de luni, 2 decembrie, ora 17.00, \u00eentr-un cadru festiv, motivat mai \u00eent\u00e2i de lansarea c\u0103r\u0163ii \u015fi apoi de decernarea titlului de Cet\u0103\u0163ean de Onoare.<\/p>\n<p>Este onorant pentru municipiul nostru s\u0103-l avem al\u0103turi de noi pe domnul Mircea Lucescu, din perspectiva mea cel mai mare antrenor al rom\u00e2nilor din toate timpurile, cu cea mai longeviv\u0103 carier\u0103 \u015fi cu cea mai mare vizibilitate la nivel interna\u0163ional. Ne m\u00e2ndrim cu un cet\u0103\u0163ean de onoare de asemenea talie, \u00eei dorim mult\u0103 s\u0103n\u0103tate, rezultate la fel de spectaculoase la echipa na\u0163ional\u0103, o activitate c\u00e2t mai longeviv\u0103 pe banca echipei na\u0163ionale \u015fi sper s\u0103 duc\u0103 Rom\u00e2nia la Campionatul Mondial\u201d,\u00a0a declarat primarul municipiului Ia\u015fi, Mihai Chirica.<\/p>","protected":false},"excerpt":{"rendered":"<p>Duminic\u0103, 1 decembrie, selec\u0163ionerul Mircea Lucescu va participa la Gala \u201ePremiile Na\u0163ionale Negruzzi\u201d, eveniment ce&hellip;<\/p>\n","protected":false},"author":0,"featured_media":0,"comment_status":"open","ping_status":"open","sticky":false,"template":"","format":"standard","meta":{"footnotes":""},"categories":[2],"tags":[],"class_list":["post-12571","post","type-post","status-publish","format-standard","hentry","category-actual"],"_links":{"self":[{"href":"https:\/\/247stiri.ro\/index.php\/wp-json\/wp\/v2\/posts\/12571","targetHints":{"allow":["GET"]}}],"collection":[{"href":"https:\/\/247stiri.ro\/index.php\/wp-json\/wp\/v2\/posts"}],"about":[{"href":"https:\/\/247stiri.ro\/index.php\/wp-json\/wp\/v2\/types\/post"}],"replies":[{"embeddable":true,"href":"https:\/\/247stiri.ro\/index.php\/wp-json\/wp\/v2\/comments?post=12571"}],"version-history":[{"count":0,"href":"https:\/\/247stiri.ro\/index.php\/wp-json\/wp\/v2\/posts\/12571\/revisions"}],"wp:attachment":[{"href":"https:\/\/247stiri.ro\/index.php\/wp-json\/wp\/v2\/media?parent=12571"}],"wp:term":[{"taxonomy":"category","embeddable":true,"href":"https:\/\/247stiri.ro\/index.php\/wp-json\/wp\/v2\/categories?post=12571"},{"taxonomy":"post_tag","embeddable":true,"href":"https:\/\/247stiri.ro\/index.php\/wp-json\/wp\/v2\/tags?post=12571"}],"curies":[{"name":"wp","href":"https:\/\/api.w.org\/{rel}","templated":true}]}}