{"id":12578,"date":"2024-12-01T13:44:50","date_gmt":"2024-12-01T13:44:50","guid":{"rendered":"https:\/\/247stiri.ro\/index.php\/2024\/12\/01\/inedit-romanii-care-locuiesc-in-catunele-din-delta-dunarii-s-au-dus-cu-barca-si-cu-bacul-la-vot\/"},"modified":"2024-12-01T13:44:50","modified_gmt":"2024-12-01T13:44:50","slug":"inedit-romanii-care-locuiesc-in-catunele-din-delta-dunarii-s-au-dus-cu-barca-si-cu-bacul-la-vot","status":"publish","type":"post","link":"https:\/\/247stiri.ro\/index.php\/2024\/12\/01\/inedit-romanii-care-locuiesc-in-catunele-din-delta-dunarii-s-au-dus-cu-barca-si-cu-bacul-la-vot\/","title":{"rendered":"INEDIT. Rom\u00e2nii care locuiesc \u00een c\u0103tunele din Delta Dun\u0103rii s-au dus cu barca \u0219i cu bacul la vot"},"content":{"rendered":"<p>Tulcenii care locuiesc \u00een comunit\u0103\u0163ile din Delta Dun\u0103rii au traversat, duminic\u0103, 1 decembrie fluviul cu mijloace proprii sau puse la dispozi\u0163ie de autorit\u0103\u0163i pentru a ajunge la sec\u0163iile de votare \u015fi a-\u015fi exercita dreptul constitu\u0163ional.<\/p>\n<p>Printre cei care au trecut Dun\u0103rea cu mijloace puse la dispozi\u0163ie de autorit\u0103\u0163ile locale sunt locuitorii din suburbia Tudor Vladimirescu, ei vot\u00e2nd la o sec\u0163ie din municipiul Tulcea.<\/p>\n<p>Persoanele cu domiciliul \u00een satul Ilganii de Sus au trecut Dun\u0103rea fie cu bacul, fie cu barca proprie.<\/p>\n<p>&#8222;Eu am votat diminea\u0163\u0103 \u015fi merg de fiecare dat\u0103 la alegeri. \u00cen Ilganii de Jos nu avem sec\u0163ie de votare \u015fi venim la sec\u0163ia din Nuf\u0103ru. Eu merg cu bacul&#8221;, a declarat Nicoleta B., din satul Ilganii de Jos, aflat\u0103 pe bra\u0163ul Sf\u00e2ntul Gheorghe al Dun\u0103rii.<\/p>\n<p>De asemenea, oamenii care au case \u00een satul B\u0103ltenii de Sus au trecut Dun\u0103rea cu mijloace proprii pentru a ajunge la sec\u0163ia de votare din comuna Be\u015ftepe de care apar\u0163in, iar cei care locuiesc \u00een satul Ilganii de Sus au traversat fluviul pentru a vota \u00een Partizani, ambele sate apar\u0163in\u00e2nd comunei Maliuc<\/p>\n<p>Satele din Delt\u0103 ai c\u0103ror locuitori trec Dun\u0103rea cu barca sau cu bacul pentru a vota au o popula\u0163ie foarte mic\u0103.<\/p>\n<p>\u00cen jude\u0163ul Tulcea, pentru alegerile parlamentare sunt deschise 205 sec\u0163ii de votare.<\/p>\n<p>P\u00e2n\u0103 la ora 13.00, aproape 23% din persoanele cu drept de vot din jude\u0163ul Tulcea au votat, potrivit datelor f\u0103cute publice \u00een timp real de Autoritatea Electoral\u0103 Permanent\u0103.<\/p>","protected":false},"excerpt":{"rendered":"<p>Tulcenii care locuiesc \u00een comunit\u0103\u0163ile din Delta Dun\u0103rii au traversat, duminic\u0103, 1 decembrie fluviul cu&hellip;<\/p>\n","protected":false},"author":0,"featured_media":12567,"comment_status":"open","ping_status":"open","sticky":false,"template":"","format":"standard","meta":{"footnotes":""},"categories":[2],"tags":[],"class_list":["post-12578","post","type-post","status-publish","format-standard","has-post-thumbnail","hentry","category-actual"],"_links":{"self":[{"href":"https:\/\/247stiri.ro\/index.php\/wp-json\/wp\/v2\/posts\/12578","targetHints":{"allow":["GET"]}}],"collection":[{"href":"https:\/\/247stiri.ro\/index.php\/wp-json\/wp\/v2\/posts"}],"about":[{"href":"https:\/\/247stiri.ro\/index.php\/wp-json\/wp\/v2\/types\/post"}],"replies":[{"embeddable":true,"href":"https:\/\/247stiri.ro\/index.php\/wp-json\/wp\/v2\/comments?post=12578"}],"version-history":[{"count":0,"href":"https:\/\/247stiri.ro\/index.php\/wp-json\/wp\/v2\/posts\/12578\/revisions"}],"wp:featuredmedia":[{"embeddable":true,"href":"https:\/\/247stiri.ro\/index.php\/wp-json\/wp\/v2\/media\/12567"}],"wp:attachment":[{"href":"https:\/\/247stiri.ro\/index.php\/wp-json\/wp\/v2\/media?parent=12578"}],"wp:term":[{"taxonomy":"category","embeddable":true,"href":"https:\/\/247stiri.ro\/index.php\/wp-json\/wp\/v2\/categories?post=12578"},{"taxonomy":"post_tag","embeddable":true,"href":"https:\/\/247stiri.ro\/index.php\/wp-json\/wp\/v2\/tags?post=12578"}],"curies":[{"name":"wp","href":"https:\/\/api.w.org\/{rel}","templated":true}]}}