{"id":12611,"date":"2024-12-01T15:45:32","date_gmt":"2024-12-01T15:45:32","guid":{"rendered":"https:\/\/247stiri.ro\/index.php\/2024\/12\/01\/cum-a-aparut-elena-lasconi-la-urne-in-ziua-alegerilor-parlamentare-tinuta-candidatei-usr-a-facut-furori\/"},"modified":"2024-12-01T15:45:32","modified_gmt":"2024-12-01T15:45:32","slug":"cum-a-aparut-elena-lasconi-la-urne-in-ziua-alegerilor-parlamentare-tinuta-candidatei-usr-a-facut-furori","status":"publish","type":"post","link":"https:\/\/247stiri.ro\/index.php\/2024\/12\/01\/cum-a-aparut-elena-lasconi-la-urne-in-ziua-alegerilor-parlamentare-tinuta-candidatei-usr-a-facut-furori\/","title":{"rendered":"Cum a ap\u0103rut Elena Lasconi la urne \u00een ziua alegerilor parlamentare. \u021ainuta candidatei USR a f\u0103cut furori"},"content":{"rendered":"<p>Prezen\u021ba sa la urnele de vot a atras aten\u021bia nu doar prin \u021binuta aleas\u0103, ci \u0219i prin declara\u021biile pline de optimism, care au reafirmat angajamentul s\u0103u pentru schimbare \u0219i progres.<\/p>\n<p>O \u021binut\u0103 elegant\u0103 \u0219i simbolic\u0103<\/p>\n<p><a href=\"https:\/\/www.realitatea.net\/stiri\/actual\/alegeri-parlamentare-2024-elena-lasconi-am-votat-pentru-romania-care-o-iubim-cu-totii_674c11716f8d83086d03d2a2\" target=\"_blank\">Elena Lasconi a votat<\/a> \u00eenc\u0103 de la primele ore ale dimine\u021bii, atr\u0103g\u00e2nd privirile cu o \u021binut\u0103 clasic\u0103 \u0219i rafinat\u0103. Primarul din C\u00e2mpulung a purtat un palton de culoare nude, care i-a complimentat silueta \u0219i a subliniat stilul s\u0103u minimalist. Alegerea a fost completat\u0103 de un fular alb, un accesoriu discret, dar plin de semnifica\u021bie, simboliz\u00e2nd puritatea, speran\u021ba \u0219i dorin\u021ba de schimbare.<\/p>\n<p>Aceast\u0103 combina\u021bie vestimentar\u0103 a eviden\u021biat simplitatea \u0219i elegan\u021ba pe care Elena Lasconi le promoveaz\u0103 at\u00e2t \u00een apari\u021biile publice, c\u00e2t \u0219i \u00een via\u021ba politic\u0103.<\/p>\n<p>Un mesaj ferm pentru viitorul Rom\u00e2niei<\/p>\n<p>Pe l\u00e2ng\u0103 alegerea vestimentar\u0103, declara\u021biile Elenei Lasconi au avut un impact semnificativ asupra celor prezen\u021bi. Candidata a subliniat importan\u021ba alegerilor parlamentare din acest an pentru viitorul \u021b\u0103rii, \u00eendemn\u00e2nd rom\u00e2nii s\u0103 voteze cu responsabilitate \u0219i s\u0103 sus\u021bin\u0103 modernizarea \u0219i democratizarea Rom\u00e2niei.<\/p>\n<p>\u201eAm votat pentru ca Rom\u00e2nia s\u0103 r\u0103m\u00e2n\u0103 pe parcursul s\u0103u european, am votat cu \u00eencrederea c\u0103 rom\u00e2nii vor alege pentru Parlament o echip\u0103 de oameni competen\u021bi, care chiar sunt capabili s\u0103 aduc\u0103 schimbarea \u00een bine pe care ne-o dorim. Am votat pentru o Rom\u00e2nie pentru to\u021bi, nu doar pentru unii!\u201d, a declarat Lasconi.<\/p>\n<p>Cunoscut\u0103 pentru activitatea sa politic\u0103 \u0219i civic\u0103 intens\u0103, Elena Lasconi a demonstrat \u00eenc\u0103 o dat\u0103 c\u0103 este una dintre vocile puternice ale schimb\u0103rii \u00een politica rom\u00e2neasc\u0103. Apari\u021bia sa la urne a fost nu doar un act simbolic, ci \u0219i o reafirmare a angajamentului s\u0103u fa\u021b\u0103 de comunitatea pe care o reprezint\u0103.<\/p>\n<p>Sus\u021bin\u0103torii au apreciat at\u00e2t \u021binuta sa elegant\u0103, c\u00e2t \u0219i atitudinea deschis\u0103 \u0219i discursul motiva\u021bional.<\/p>\n<p><a href=\"https:\/\/www.realitatea.net\/stiri\/actual\/numerologul-vedetelor-de-la-hollywood-a-calculat-cifrele-destinului-pentru-calin-georgescu-si-elena-lasconi-cine-are-cele-mai-mari-sanse-sa-ocupe-fotoliul-de-la-cotroceni_6749f601fa25d9189906f334\" target=\"_blank\">Elena Lasconi a dovedit<\/a> \u00eenc\u0103 o dat\u0103 c\u0103 elegan\u021ba autentic\u0103 nu const\u0103 doar \u00een apari\u021bii \u00eengrijite, ci \u0219i \u00een mesajele puternice \u0219i angajamentul pentru o cauz\u0103 mai mare. Prezen\u021ba sa la urne \u00een ziua alegerilor parlamentare din 2024 a fost o demonstra\u021bie clar\u0103 de determinare \u0219i \u00eencredere \u00een schimbarea clasei politice, marc\u00e2nd o nou\u0103 etap\u0103 \u00een lupta pentru modernizarea Rom\u00e2niei.<\/p>\n<p>\u00a0<\/p>\n<p>\u00a0<\/p>\n<p>\u00a0<\/p>\n<p>\u00a0<\/p>","protected":false},"excerpt":{"rendered":"<p>Prezen\u021ba sa la urnele de vot a atras aten\u021bia nu doar prin \u021binuta aleas\u0103, ci&hellip;<\/p>\n","protected":false},"author":0,"featured_media":12612,"comment_status":"open","ping_status":"open","sticky":false,"template":"","format":"standard","meta":{"footnotes":""},"categories":[3],"tags":[],"class_list":["post-12611","post","type-post","status-publish","format-standard","has-post-thumbnail","hentry","category-politica"],"_links":{"self":[{"href":"https:\/\/247stiri.ro\/index.php\/wp-json\/wp\/v2\/posts\/12611","targetHints":{"allow":["GET"]}}],"collection":[{"href":"https:\/\/247stiri.ro\/index.php\/wp-json\/wp\/v2\/posts"}],"about":[{"href":"https:\/\/247stiri.ro\/index.php\/wp-json\/wp\/v2\/types\/post"}],"replies":[{"embeddable":true,"href":"https:\/\/247stiri.ro\/index.php\/wp-json\/wp\/v2\/comments?post=12611"}],"version-history":[{"count":0,"href":"https:\/\/247stiri.ro\/index.php\/wp-json\/wp\/v2\/posts\/12611\/revisions"}],"wp:featuredmedia":[{"embeddable":true,"href":"https:\/\/247stiri.ro\/index.php\/wp-json\/wp\/v2\/media\/12612"}],"wp:attachment":[{"href":"https:\/\/247stiri.ro\/index.php\/wp-json\/wp\/v2\/media?parent=12611"}],"wp:term":[{"taxonomy":"category","embeddable":true,"href":"https:\/\/247stiri.ro\/index.php\/wp-json\/wp\/v2\/categories?post=12611"},{"taxonomy":"post_tag","embeddable":true,"href":"https:\/\/247stiri.ro\/index.php\/wp-json\/wp\/v2\/tags?post=12611"}],"curies":[{"name":"wp","href":"https:\/\/api.w.org\/{rel}","templated":true}]}}