{"id":12615,"date":"2024-12-01T15:45:33","date_gmt":"2024-12-01T15:45:33","guid":{"rendered":"https:\/\/247stiri.ro\/index.php\/2024\/12\/01\/vedetele-s-au-mobilizat-de-alegeri-ce-au-transmis-stefan-banica-smiley-loredana-groza-catalin-crisan-si-multi-altii-in-aceasta-zi-speciala\/"},"modified":"2024-12-01T15:45:33","modified_gmt":"2024-12-01T15:45:33","slug":"vedetele-s-au-mobilizat-de-alegeri-ce-au-transmis-stefan-banica-smiley-loredana-groza-catalin-crisan-si-multi-altii-in-aceasta-zi-speciala","status":"publish","type":"post","link":"https:\/\/247stiri.ro\/index.php\/2024\/12\/01\/vedetele-s-au-mobilizat-de-alegeri-ce-au-transmis-stefan-banica-smiley-loredana-groza-catalin-crisan-si-multi-altii-in-aceasta-zi-speciala\/","title":{"rendered":"Vedetele s-au mobilizat de alegeri. Ce au transmis \u015etefan B\u0103nic\u0103, Smiley, Loredana Groza, C\u0103t\u0103lin Cri\u0219an \u0219i mul\u021bi al\u021bii \u00een aceast\u0103 zi special\u0103"},"content":{"rendered":"<p>Smiley a spus c\u0103 a fost nevoit s\u0103 mearg\u0103 p\u00e2n\u0103 la Pite\u015fti pentru a putea s\u0103-\u015fi exprime votul \u015fi a postat \u015fi o fotografie \u00een care, al\u0103turi de familie, arat\u0103 buletinul cu \u015ftampila doveditoare c\u0103 a votat.&#8221;La mul\u0163i ani, Rom\u00e2nia! Am mers special la Pite\u015fti \u00eempreun\u0103 cu familia \u015fi am votat!&#8221;, a spus c\u00e2nt\u0103re\u0163ul.<\/p>\n\n<p>\u015etefan B\u0103nic\u0103 ureaz\u0103 &#8222;La mul\u0163i ani!&#8221; tuturor rom\u00e2nilor \u015fi le spune c\u0103 &#8222;votul nu este doar o \u015ftampil\u0103 pe o h\u00e2rtie&#8221;.&#8221;La mul\u0163i ani, Rom\u00e2nia! La mul\u0163i ani rom\u00e2nilor de pretutindeni! \u015ei, pentru c\u0103 suntem \u00een perioada alegerilor parlamentare \u015fi preziden\u0163iale \u015fi tr\u0103im ni\u015fte momente destul de tulburi, \u00eendemnul meu este s\u0103 vota\u0163i responsabil. Votul nu este doar o \u015ftampil\u0103 pe o h\u00e2rtie, ci \u00eenseamn\u0103 puterea pe care o da\u0163i celor care ne vor reprezenta \u015fi vor lua decizii \u00een numele nostru, \u00eenseamn\u0103 viitorul nostru \u015fi al copiilor no\u015ftri. Ave\u0163i propria p\u0103rere! Pentru asta trebuie s\u0103 ne interes\u0103m de cei pe care \u00eei vot\u0103m, s\u0103 ne inform\u0103m cine sunt, cum g\u00e2ndesc. Avem drepturi, dar trebuie s\u0103 \u015ftim ce s\u0103 facem cu ele. &#8216;E dreptul t\u0103u!&#8217; &#8211; un c\u00e2ntec filmat la concertul de Cr\u0103ciun din 2019, dar al c\u0103rui mesaj r\u0103m\u00e2ne la fel de valabil \u015fi ast\u0103zi&#8221;, spune artistul pe pagina sa de Facebook.<\/p>\n<p>Actri\u0163a Oana Pellea \u00eei \u00eendeamn\u0103 pe oameni s\u0103-\u015fi apere \u0163ara prin vot.&#8221;La mul\u0163i ani, Rom\u00e2nia! Aici m-am n\u0103scut. Aici \u00eemi sunt \u00eengropa\u0163i p\u0103rin\u0163ii, str\u0103mo\u015fii \u015fi prietenii. Aici am prieteni. Aici visez \u00een superba limb\u0103 rom\u00e2n\u0103. Aici tr\u0103iesc. Aici iubesc. Aici m\u0103 doare. Aici m\u0103 bucur. Aici pl\u00e2ng. Aici cerul e mai aproape. Aici marea o simt a mea. Aici mun\u0163ii \u00eemi vorbesc. Aici soarele \u015fi luna \u00eemi sunt mai aproape de suflet. Aici p\u0103m\u00e2ntul miroase a acas\u0103! La mul\u0163i ani, \u0163ar\u0103 superb\u0103! \u00ce\u0163i doresc pace! \u00ce\u0163i doresc s\u0103 nu mai fii min\u0163it\u0103, furat\u0103 \u015fi \u00een\u015felat\u0103. \u00ce\u0163i doresc s\u0103 fii iubit\u0103, respectat\u0103 \u015fi slujit\u0103 de oamenii t\u0103i. La mul\u0163i ani, \u0163ar\u0103 superb\u0103! La mul\u0163i ani, ROM\u00c2NIA! La mul\u0163i ani, oameni buni! La mul\u0163i ani rom\u00e2nilor de pretutindeni, celor din \u0163ar\u0103 \u015fi celor care \u00ee\u015fi poart\u0103 \u0163ara \u00een inim\u0103&#8230;oriunde ar fi! Fie ca Rom\u00e2nia s\u0103-\u015fi continue drumul pe calea democra\u0163iei! Oameni buni, ap\u0103ra\u0163i-v\u0103 \u0163ara prin vot!&#8221;, transmite \u015fi Oana Pellea.<\/p>\n<p><a title=\"Ziua votului crucial. Mutari spectaculoase in lupta pentru Parlamentul Romaniei. Atmosfera de la sediile partidelor: cum se imparte PUTEREA\" href=\"https:\/\/www.realitatea.net\/stiri\/actual\/ziua-votului-crucial-mutari-spectaculoase-in-lupta-pentru-parlamentul-romaniei-atmosfera-de-la-sediile-partidelor-cum-se-imparte-puterea_674c779bd7cf7573932b4d24\">Ziua votului crucial. Mut\u0103ri spectaculoase \u00een lupta pentru Parlamentul Rom\u00e2niei. Atmosfera de la sediile partidelor: cum se \u00eemparte PUTEREA<\/a>\u015ei Marius Manole transmite c\u0103 rom\u00e2nii &#8222;sunt buni, sunt \u00een\u0163elep\u0163i&#8221; \u015fi \u00eei \u00eendeamn\u0103 s\u0103 lupte pentru democra\u0163ie.&#8221;La mul\u0163i ani, Rom\u00e2nia! Rom\u00e2nii sunt buni, sunt \u00een\u0163elep\u0163i. Da, e adev\u0103rat, vremurile uneori ne-au \u00eengenunchiat. Ne-au \u00eenvr\u0103jbit. Dar mereu \u00een astfel de momente ne-am \u0163inut de m\u00e2n\u0103 \u015fi am mers mai departe cu fruntea sus. Mai puternici, mai buni, mai ne\u00eenfrica\u0163i. Rom\u00e2nii sunt credincio\u015fi. Nu-\u015fi fac chip cioplit dintr-un diavol cobor\u00e2t pe p\u0103m\u00e2nt \u00een chip de \u00eenger. Rom\u00e2nii vor \u015fti s\u0103 aleag\u0103 \u00een\u0163elept. Ne-am \u00eengropat p\u0103rin\u0163ii, copii, prietenii atunci \u00een &#8217;89. Am devenit liberi. Libertate, libertate, libertate strigam tot \u00eentr-un decembrie friguros. Libertate strig\u0103m \u015fi azi dup\u0103 35 de ani. Avem o democra\u0163ie care at\u00e2rn\u0103 de un fir de p\u0103r. Haide\u0163i s\u0103 lupt\u0103m pentru ea. La mul\u0163i ani, rom\u00e2ni! Dincolo de toate \u015fi to\u0163i suntem \u015fi r\u0103m\u00e2nem un popor liber ! #IesiLaVot&#8221;, a scris Marius Manole.C\u00e2nt\u0103re\u0163ul C\u0103t\u0103lin Cri\u015fan a transmis c\u0103 a reu\u015fit s\u0103 fac\u0103 ferici\u0163i doi bunici care \u015fi-au botezat nepotul \u015fi \u00eei \u00eendeamn\u0103 pe rom\u00e2ni s\u0103 voteze.&#8221;La mul\u0163i ani, tuturor rom\u00e2nilor! Asear\u0103 la Dr\u0103g\u0103\u015fani, am f\u0103cut ferici\u0163i doi bunici care \u015fi-au botezat nepotul \u00eentr-o zi Sf\u00e2nt\u0103. S\u0103 le tr\u0103iasc\u0103! Duminic\u0103 frumoas\u0103 tuturor \u015fi mare grij\u0103 pe cine vota\u0163i&#8230;&#8221;, a scris \u015fi C\u0103t\u0103lin Cri\u015fan.Actorul Mihai C\u0103lin, \u00eentr-un mesaj video, spune c\u0103 a votat &#8222;pentru Uniunea European\u0103, pentru NATO \u015fi pentru toate libert\u0103\u0163ile pe care le-am c\u00e2\u015ftigat&#8221;.&#8221;1 decembrie 2024. La mul\u0163i ani Rom\u00e2nia! Am votat. Sper c\u0103 a\u0163i f\u0103cut-o \u015fi dumneavoastr\u0103 sau o ve\u0163i face c\u00e2t mai repede. Am votat pentru Uniunea European\u0103, pentru NATO \u015fi pentru toate libert\u0103\u0163ile pe care le-am c\u00e2\u015ftigat. Suntem \u00een cel mai bun moment al Rom\u00e2niei din toate timpurile, s\u0103 nu-i d\u0103m cu piciorul, s\u0103 nu-l stric\u0103m&#8221;, a spus actorul.Loredana Groza \u00eei \u00eendeamn\u0103 pe rom\u00e2ni s\u0103 ias\u0103 la vot, \u00eentr-un mesaj postat s\u00e2mb\u0103t\u0103.&#8221;M\u00e2ine este o zi crucial\u0103 pentru Rom\u00e2nia, pentru democra\u0163ie, cele mai importante alegeri de la Revolu\u0163ia din \u009189 \u015fi p\u00e2n\u0103 acum! E o zi \u00een care hot\u0103r\u00e2m viitorul \u0163\u0103rii noastre, Rom\u00e2nia! O zi \u00een care 35 de ani de eforturi uria\u015fe, de sacrificii pot fi \u015fterse cu buretele! Ca cet\u0103\u0163ean al acestei \u0163\u0103ri, sunt \u00een slujba poporului meu de 40 de ani, \u00eencerc\u00e2nd s\u0103 aduc bucurie \u015fi alinare rom\u00e2nilor mei prin c\u00e2ntecele mele! Am tr\u0103it \u00een comunism \u015fi am avut \u015fansa inimaginabil\u0103 atunci s\u0103 lupt ca s\u0103 tr\u0103iesc \u00een democra\u0163ie, pentru care genera\u0163ia mea s-a jertfit la Revolu\u0163ie! Haide\u0163i m\u00e2ine la vot! Vota\u0163i cu dragoste \u015fi responsabilitate, cu con\u015ftiin\u0163\u0103 \u015fi implicare! Nu vota\u0163i din perspectiva urii \u015fi a r\u0103zbun\u0103rii! Nu v\u0103 l\u0103sa\u0163i manipula\u0163i \u015fi influen\u0163a\u0163i de demagogi \u015fi vorbe goale, de emo\u0163ii trec\u0103toare! Istoria nu ne va ierta! Genera\u0163ia de azi e genera\u0163ia care trebuie s\u0103 aduc\u0103 prosperitate Rom\u00e2niei, nu s\u0103 o arunce \u00een haos \u015fi disperare! Pentru copiii no\u015ftri \u015fi urma\u015fii urma\u015filor lor! Hai la vot!, a spus \u015fi Loredana Groza.<\/p>\n\n<p>Dramaturgul Matei Vi\u015fniec este de p\u0103rere c\u0103 Ziua Na\u0163ional\u0103 ar trebui s\u0103 fie o zi de &#8222;reflec\u0163ie aprofundat\u0103 \u015fi de trezire&#8221;.&#8221;Poate c\u0103 avem nevoie de un Minister al Ap\u0103r\u0103rii numerice&#8230; Am votat cu mult\u0103 am\u0103r\u0103ciune \u00een suflet. Ziua Na\u0163ional\u0103 a Rom\u00e2niei ar trebui s\u0103 fie ast\u0103zi una de reflec\u0163ie aprofundat\u0103 \u015fi de trezire. Exist\u0103 for\u0163e oculte care vor s\u0103-i adoarm\u0103 pe rom\u00e2ni, s\u0103-i transforme \u00eentr-un fel de zombi geopolitici. S\u0103pt\u0103m\u00e2na care a trecut a fost una neagr\u0103 pentru istoria postdecembrist\u0103 a Rom\u00e2niei. Au ap\u0103rut aproape din neant personaje care vor s\u0103 schimbe mersul natural al Rom\u00e2niei spre familia european\u0103, spre aprofundarea statului de drept \u015fi a practicii democratice. Am urm\u0103rit cu stupoare cum ace\u015fti oameni care vor s\u0103 ne rup\u0103 de Europa \u015fi s\u0103 ne readuc\u0103 la statutul de vasali ai Rusiei sau la un tip aberant de autarhie folosesc din abunden\u0163\u0103 numele lui Dumnezeu. Ace\u015fti ideologi ai obscurantismului \u015fi ai servitu\u0163ii voluntare se declar\u0103 to\u0163i ca fiind &#8216;mari credincio\u015fi&#8217; \u015fi &#8216;mari rom\u00e2ni&#8217;. Ar fi timpul s\u0103 lans\u0103m o dezbatere despre cum func\u0163ioneaz\u0103 sp\u0103larea creierelor prin etalarea insistent\u0103 a &#8216;credin\u0163ei&#8217;. BOR are numai de pierdut dac\u0103 nu se deta\u015feaz\u0103 net \u015fi inteligent de oportuni\u015ftii \u015fi mercenarii care recurg la o retoric\u0103 ortodoxist\u0103 pe care o transform\u0103 \u00een slogane electorale. Sigur, este mult mai u\u015for s\u0103 te ba\u0163i \u00een piept cu pumnul declar\u00e2nd c\u0103 e\u015fti un &#8216;mare credincios&#8217;, dec\u00e2t s\u0103 dai dovad\u0103 de competen\u0163\u0103 \u00een privin\u0163a principalelor probleme cu care se confrunt\u0103 Rom\u00e2nia. Nu-i vom putea num\u0103ra niciodat\u0103 pe corup\u0163ii, pe ho\u0163ii \u015fi pe mincino\u015fii care s-au declarat oameni cu frica lui Dumnezeu. \u00cen gura multor politicieni rom\u00e2ni numele lui Dumnezeu sun\u0103 ca o insult\u0103, ar trebui \u00een mod normal s\u0103 intre \u00een p\u0103m\u00e2nt de ru\u015fine. Dar p\u0103m\u00e2ntul este, cum \u015ftim, foarte generos, \u015fi suport\u0103 multe inep\u0163ii \u015fi sacrilegii. Am votat ast\u0103zi cu o enorm\u0103 am\u0103r\u0103ciune, dar \u00eencrez\u0103tor totu\u015fi c\u0103 rom\u00e2nii se vor trezi \u00een ultimul moment. Ne va fi probabil greu s\u0103 desc\u00e2lcim toate firele toxice ale s\u0103pt\u0103m\u00e2nii care a trecut, cu toate paradoxurile ei \u015fi cu toate necunoscutele legare de manipularea prin unele re\u0163ele de socializare. Vom avea probabil nevoie de un Minister al Ap\u0103r\u0103rii numerice. Altfel vor continua atacurile de genul celor care au plasat un necunoscut retrograd \u015fi putinist pe o orbit\u0103 politic\u0103 important\u0103 \u00een politica rom\u00e2neasc\u0103&#8221;, a scris Matei Vi\u015fniec pe pagina sa de socializare.<\/p>\n<p><a title=\"Alegeri parlamentare 2024. Mizele uriase ale viitorului Parlament. Prezenta istorica la urne: peste 7,5 milioane de voturi. Judetul care s-a mobilizat exemplar - LIVE TEXT ora 17.00\" href=\"https:\/\/www.realitatea.net\/stiri\/politica\/alegeri-parlamentare-2024-unde-si-cum-poti-vota-mizele-uriase-ale-viitorului-parlament_674bdab419c2d0469d6d6073\">Alegeri parlamentare 2024. Mizele uria\u0219e ale viitorului Parlament. Prezen\u021b\u0103 istoric\u0103 la urne: peste 7,5 milioane de voturi. Jude\u021bul care s-a mobilizat exemplar &#8211; LIVE TEXT ora 17.00<\/a><\/p>","protected":false},"excerpt":{"rendered":"<p>Smiley a spus c\u0103 a fost nevoit s\u0103 mearg\u0103 p\u00e2n\u0103 la Pite\u015fti pentru a putea&hellip;<\/p>\n","protected":false},"author":0,"featured_media":12616,"comment_status":"open","ping_status":"open","sticky":false,"template":"","format":"standard","meta":{"footnotes":""},"categories":[2],"tags":[],"class_list":["post-12615","post","type-post","status-publish","format-standard","has-post-thumbnail","hentry","category-actual"],"_links":{"self":[{"href":"https:\/\/247stiri.ro\/index.php\/wp-json\/wp\/v2\/posts\/12615","targetHints":{"allow":["GET"]}}],"collection":[{"href":"https:\/\/247stiri.ro\/index.php\/wp-json\/wp\/v2\/posts"}],"about":[{"href":"https:\/\/247stiri.ro\/index.php\/wp-json\/wp\/v2\/types\/post"}],"replies":[{"embeddable":true,"href":"https:\/\/247stiri.ro\/index.php\/wp-json\/wp\/v2\/comments?post=12615"}],"version-history":[{"count":0,"href":"https:\/\/247stiri.ro\/index.php\/wp-json\/wp\/v2\/posts\/12615\/revisions"}],"wp:featuredmedia":[{"embeddable":true,"href":"https:\/\/247stiri.ro\/index.php\/wp-json\/wp\/v2\/media\/12616"}],"wp:attachment":[{"href":"https:\/\/247stiri.ro\/index.php\/wp-json\/wp\/v2\/media?parent=12615"}],"wp:term":[{"taxonomy":"category","embeddable":true,"href":"https:\/\/247stiri.ro\/index.php\/wp-json\/wp\/v2\/categories?post=12615"},{"taxonomy":"post_tag","embeddable":true,"href":"https:\/\/247stiri.ro\/index.php\/wp-json\/wp\/v2\/tags?post=12615"}],"curies":[{"name":"wp","href":"https:\/\/api.w.org\/{rel}","templated":true}]}}