{"id":12677,"date":"2024-12-01T18:44:53","date_gmt":"2024-12-01T18:44:53","guid":{"rendered":"https:\/\/247stiri.ro\/index.php\/2024\/12\/01\/incident-la-o-sectie-de-votare-din-romania-o-persoana-a-votat-desi-nu-avea-acest-drept\/"},"modified":"2024-12-01T18:44:53","modified_gmt":"2024-12-01T18:44:53","slug":"incident-la-o-sectie-de-votare-din-romania-o-persoana-a-votat-desi-nu-avea-acest-drept","status":"publish","type":"post","link":"https:\/\/247stiri.ro\/index.php\/2024\/12\/01\/incident-la-o-sectie-de-votare-din-romania-o-persoana-a-votat-desi-nu-avea-acest-drept\/","title":{"rendered":"Incident la o sec\u021bie de votare din Rom\u00e2nia. O persoan\u0103 a votat, de\u0219i nu avea acest drept"},"content":{"rendered":"<p>Potrivit Inspectoratului de Poli\u021bie Jude\u021bean (IPJ) Maramure\u0219, nu au existat incidente care s\u0103 afecteze desf\u0103\u0219urarea votului, dar au fost primite mai multe sesiz\u0103ri privind posibile \u00eenc\u0103lc\u0103ri ale legii.<\/p>\n<p>A mers la VOT, de\u0219i nu avea acest drept<\/p>\n<p>Duminic\u0103, 1 decembrie, au fost raportate \u0219ase sesiz\u0103ri referitoare la presupuse contraven\u021bii sau infrac\u021biuni legate de procesul electoral. Dintre acestea, una a fost confirmat\u0103, una neconfirmat\u0103, iar alte trei sunt \u00een continuare \u00een curs de verificare. \u00cen urma investiga\u021biilor, poli\u021bi\u0219tii au \u00eentocmit un dosar penal pentru o posibil\u0103 infrac\u021biune \u0219i au aplicat o amend\u0103 de 4.500 de lei.<\/p>\n<p><a href=\"https:\/\/www.realitatea.net\/stiri\/politica\/probleme-la-sectia-de-votare-un-membru-al-comisiei-este-audiat-de-procurori-pentru-frauda-la-vot_674ca2d6d7e01601eb5c6a72\" target=\"_blank\">Cel mai grav incident<\/a> a fost semnalat \u00een jurul amiezii, c\u00e2nd Poli\u021bia ora\u0219ului Baia Sprie a fost alertat\u0103 cu privire la faptul c\u0103 o persoan\u0103 ar fi votat f\u0103r\u0103 dreptul de a o face.\u00a0<\/p>\n<p><a href=\"https:\/\/www.realitatea.net\/stiri\/politica\/sute-de-carti-de-identitate-au-fost-eliberate-in-ziua-alegerilor-oamenii-sau-mobilizat-si-au-mers-la-urne_674c9fd93e1a494af8520f22\" target=\"_blank\">Ancheta a relevat<\/a> c\u0103 la o sec\u021bie de votare din localitatea Satu Nou de Sus, o persoan\u0103 privativ\u0103 de libertate, aflat\u0103 sub interdic\u021bia de a-\u0219i exercita dreptul de vot, a participat la vot. Aceasta fusese condamnat\u0103 de Judec\u0103toria Baia Mare la pedeapsa interzicerii dreptului de a alege \u0219i de a fi ales. Autorit\u0103\u021bile continu\u0103 investiga\u021biile pentru a stabili toate circumstan\u021bele incidentului.<\/p>","protected":false},"excerpt":{"rendered":"<p>Potrivit Inspectoratului de Poli\u021bie Jude\u021bean (IPJ) Maramure\u0219, nu au existat incidente care s\u0103 afecteze desf\u0103\u0219urarea&hellip;<\/p>\n","protected":false},"author":0,"featured_media":0,"comment_status":"open","ping_status":"open","sticky":false,"template":"","format":"standard","meta":{"footnotes":""},"categories":[2],"tags":[],"class_list":["post-12677","post","type-post","status-publish","format-standard","hentry","category-actual"],"_links":{"self":[{"href":"https:\/\/247stiri.ro\/index.php\/wp-json\/wp\/v2\/posts\/12677","targetHints":{"allow":["GET"]}}],"collection":[{"href":"https:\/\/247stiri.ro\/index.php\/wp-json\/wp\/v2\/posts"}],"about":[{"href":"https:\/\/247stiri.ro\/index.php\/wp-json\/wp\/v2\/types\/post"}],"replies":[{"embeddable":true,"href":"https:\/\/247stiri.ro\/index.php\/wp-json\/wp\/v2\/comments?post=12677"}],"version-history":[{"count":0,"href":"https:\/\/247stiri.ro\/index.php\/wp-json\/wp\/v2\/posts\/12677\/revisions"}],"wp:attachment":[{"href":"https:\/\/247stiri.ro\/index.php\/wp-json\/wp\/v2\/media?parent=12677"}],"wp:term":[{"taxonomy":"category","embeddable":true,"href":"https:\/\/247stiri.ro\/index.php\/wp-json\/wp\/v2\/categories?post=12677"},{"taxonomy":"post_tag","embeddable":true,"href":"https:\/\/247stiri.ro\/index.php\/wp-json\/wp\/v2\/tags?post=12677"}],"curies":[{"name":"wp","href":"https:\/\/api.w.org\/{rel}","templated":true}]}}