{"id":12683,"date":"2024-12-01T18:44:59","date_gmt":"2024-12-01T18:44:59","guid":{"rendered":"https:\/\/247stiri.ro\/index.php\/2024\/12\/01\/diana-sosoaca-dosar-penal-dupa-ce-a-participat-la-comemorarea-liderului-legionar-corneliu-zelea-codreanu\/"},"modified":"2024-12-01T18:44:59","modified_gmt":"2024-12-01T18:44:59","slug":"diana-sosoaca-dosar-penal-dupa-ce-a-participat-la-comemorarea-liderului-legionar-corneliu-zelea-codreanu","status":"publish","type":"post","link":"https:\/\/247stiri.ro\/index.php\/2024\/12\/01\/diana-sosoaca-dosar-penal-dupa-ce-a-participat-la-comemorarea-liderului-legionar-corneliu-zelea-codreanu\/","title":{"rendered":"Diana \u015eo\u015foac\u0103, dosar penal dup\u0103 ce a participat la comemorarea liderului legionar Corneliu Zelea Codreanu"},"content":{"rendered":"<p class=\"par\">Evenimentul a fost transmis live pe pagina de Facebook a europarlamentarului Dianei \u015eo\u015foac\u0103.<\/p>\n<p class=\"par\">IPJ Ilfov a anun\u0163at c\u0103 a deschis un dosar penal \u00een acest caz.<\/p>\n<p class=\"par\">&#8222;Poli\u0163i\u015ftii IPJ Ilfov efectueaz\u0103 cercet\u0103ri, \u00een cadrul unui dosar penal, \u00eentocmit sub aspectul s\u0103v\u00e2r\u015firii infrac\u0163iunii prev\u0103zute de OUG 31\/2002, privind interzicerea organiza\u0163iilor, simbolurilor \u015fi faptelor cu caracter fascist, legionar, rasist sau xenofob \u015fi a promov\u0103rii cultului persoanelor vinovate de s\u0103v\u00e2r\u015firea unor infrac\u0163iuni de genocid contra umanit\u0103\u0163ii \u015fi de crime de r\u0103zboi, art. 5, respectiv \u00abFapta persoanei de a promova, \u00een public, cultul persoanelor vinovate de s\u0103v\u00e2r\u015firea unor infrac\u0163iuni de genocid contra umanit\u0103\u0163ii \u015fi de crime de r\u0103zboi, precum \u015fi fapta de a promova, \u00een public, idei, concep\u0163ii sau doctrine fasciste, legionare, rasiste sau xenofobe, \u00een sensul art. 2 lit. a), se pedepse\u015fte cu \u00eenchisoare de la 3 luni la 3 ani \u015fi interzicerea unor drepturi\u00bb&#8221;, au anun\u0163at reprezentan\u0163ii IPJ Ilfov.<\/p>\n<p class=\"par\">Poli\u0163i\u015ftii sunt \u00een curs de identificare a tuturor persoanelor care au participat la eveniment. Urmeaz\u0103 s\u0103 se stabileasc\u0103 \u015fi m\u0103surile legale care se impun \u00een acest caz.<\/p>\n<p class=\"par\">Troi\u0163a de la T\u00e2nc\u0103be\u015fti este ridicat\u0103 pe locul unde Corneliu Zelea Codreanu \u015fi al\u0163i 13 comandan\u0163i legionari au fost asasina\u0163i, pe data de 30 noiembrie 1938.<\/p>","protected":false},"excerpt":{"rendered":"<p>Evenimentul a fost transmis live pe pagina de Facebook a europarlamentarului Dianei \u015eo\u015foac\u0103. IPJ Ilfov&hellip;<\/p>\n","protected":false},"author":0,"featured_media":12655,"comment_status":"open","ping_status":"open","sticky":false,"template":"","format":"standard","meta":{"footnotes":""},"categories":[2],"tags":[],"class_list":["post-12683","post","type-post","status-publish","format-standard","has-post-thumbnail","hentry","category-actual"],"_links":{"self":[{"href":"https:\/\/247stiri.ro\/index.php\/wp-json\/wp\/v2\/posts\/12683","targetHints":{"allow":["GET"]}}],"collection":[{"href":"https:\/\/247stiri.ro\/index.php\/wp-json\/wp\/v2\/posts"}],"about":[{"href":"https:\/\/247stiri.ro\/index.php\/wp-json\/wp\/v2\/types\/post"}],"replies":[{"embeddable":true,"href":"https:\/\/247stiri.ro\/index.php\/wp-json\/wp\/v2\/comments?post=12683"}],"version-history":[{"count":0,"href":"https:\/\/247stiri.ro\/index.php\/wp-json\/wp\/v2\/posts\/12683\/revisions"}],"wp:featuredmedia":[{"embeddable":true,"href":"https:\/\/247stiri.ro\/index.php\/wp-json\/wp\/v2\/media\/12655"}],"wp:attachment":[{"href":"https:\/\/247stiri.ro\/index.php\/wp-json\/wp\/v2\/media?parent=12683"}],"wp:term":[{"taxonomy":"category","embeddable":true,"href":"https:\/\/247stiri.ro\/index.php\/wp-json\/wp\/v2\/categories?post=12683"},{"taxonomy":"post_tag","embeddable":true,"href":"https:\/\/247stiri.ro\/index.php\/wp-json\/wp\/v2\/tags?post=12683"}],"curies":[{"name":"wp","href":"https:\/\/api.w.org\/{rel}","templated":true}]}}