{"id":12731,"date":"2024-12-01T20:46:07","date_gmt":"2024-12-01T20:46:07","guid":{"rendered":"https:\/\/247stiri.ro\/index.php\/2024\/12\/01\/incendiu-masiv-pe-sosea-un-tir-a-fost-cuprins-de-flacari\/"},"modified":"2024-12-01T20:46:07","modified_gmt":"2024-12-01T20:46:07","slug":"incendiu-masiv-pe-sosea-un-tir-a-fost-cuprins-de-flacari","status":"publish","type":"post","link":"https:\/\/247stiri.ro\/index.php\/2024\/12\/01\/incendiu-masiv-pe-sosea-un-tir-a-fost-cuprins-de-flacari\/","title":{"rendered":"Incendiu MASIV pe \u0219osea. Un TIR a fost cuprins de fl\u0103c\u0103ri"},"content":{"rendered":"<p>Potrivit Inspectoratului pentru Situa\u021bii de Urgen\u021b\u0103 (ISU) Mehedin\u021bi, interven\u021bia a mobilizat dou\u0103 echipaje din cadrul Sta\u021biei de Pompieri V\u00e2nju Mare.<\/p>\n<p>Ce au transmis salvatorii<\/p>\n<p>\u201e\u00cen aceste momente, dou\u0103 autospeciale de stingere cu ap\u0103 \u0219i spum\u0103 sunt utilizate pentru a stinge incendiul izbucnit la un autotren. Fl\u0103c\u0103rile au cuprins cabina autotrenului, extinz\u00e2ndu-se rapid. Din fericire, nu au fost \u00eenregistrate victime \u00een urma acestui incident,\u201d a transmis ISU Mehedin\u021bi \u00eentr-un comunicat.<\/p>\n<p><a href=\"https:\/\/www.realitatea.net\/stiri\/actual\/incendiu-masiv-pe-a1-un-camion-plin-cu-hartie-igienica-a-luat-foc_6746f06620213b0692090352\" target=\"_blank\">La sosirea pompierilor<\/a>, cabina TIR-ului ardea violent, iar fumul dens se ridica la mare \u00een\u0103l\u021bime. Interven\u021bia continu\u0103 \u00een condi\u021bii dificile, pentru a preveni extinderea incendiului la alte zone ale autotrenului sau \u00een vecin\u0103tate.<\/p>\n<p>Cauza incendiului r\u0103m\u00e2ne necunoscut\u0103<\/p>\n<p>P\u00e2n\u0103 \u00een acest moment, autorit\u0103\u021bile nu au stabilit<a href=\"https:\/\/www.realitatea.net\/stiri\/actual\/panica-totala-langa-capitala-bolid-de-lux-in-flacari_67459486742b9e6f3f0c10bd\" target=\"_blank\"> cauza care a declan\u0219at incendiul.<\/a> O echip\u0103 specializat\u0103 urmeaz\u0103 s\u0103 desf\u0103\u0219oare o anchet\u0103 dup\u0103 stingerea complet\u0103 a focului pentru a identifica sursa exact\u0103 \u0219i circumstan\u021bele \u00een care a izbucnit incendiul.<\/p>\n<p>ISU Mehedin\u021bi reaminte\u0219te \u0219oferilor de importan\u021ba verific\u0103rii regulate a st\u0103rii tehnice a vehiculelor, \u00een special a instala\u021biilor electrice \u0219i de combustibil, pentru a preveni astfel de incidente.<\/p>","protected":false},"excerpt":{"rendered":"<p>Potrivit Inspectoratului pentru Situa\u021bii de Urgen\u021b\u0103 (ISU) Mehedin\u021bi, interven\u021bia a mobilizat dou\u0103 echipaje din cadrul&hellip;<\/p>\n","protected":false},"author":0,"featured_media":12732,"comment_status":"open","ping_status":"open","sticky":false,"template":"","format":"standard","meta":{"footnotes":""},"categories":[2],"tags":[],"class_list":["post-12731","post","type-post","status-publish","format-standard","has-post-thumbnail","hentry","category-actual"],"_links":{"self":[{"href":"https:\/\/247stiri.ro\/index.php\/wp-json\/wp\/v2\/posts\/12731","targetHints":{"allow":["GET"]}}],"collection":[{"href":"https:\/\/247stiri.ro\/index.php\/wp-json\/wp\/v2\/posts"}],"about":[{"href":"https:\/\/247stiri.ro\/index.php\/wp-json\/wp\/v2\/types\/post"}],"replies":[{"embeddable":true,"href":"https:\/\/247stiri.ro\/index.php\/wp-json\/wp\/v2\/comments?post=12731"}],"version-history":[{"count":0,"href":"https:\/\/247stiri.ro\/index.php\/wp-json\/wp\/v2\/posts\/12731\/revisions"}],"wp:featuredmedia":[{"embeddable":true,"href":"https:\/\/247stiri.ro\/index.php\/wp-json\/wp\/v2\/media\/12732"}],"wp:attachment":[{"href":"https:\/\/247stiri.ro\/index.php\/wp-json\/wp\/v2\/media?parent=12731"}],"wp:term":[{"taxonomy":"category","embeddable":true,"href":"https:\/\/247stiri.ro\/index.php\/wp-json\/wp\/v2\/categories?post=12731"},{"taxonomy":"post_tag","embeddable":true,"href":"https:\/\/247stiri.ro\/index.php\/wp-json\/wp\/v2\/tags?post=12731"}],"curies":[{"name":"wp","href":"https:\/\/api.w.org\/{rel}","templated":true}]}}