{"id":12750,"date":"2024-12-01T21:44:49","date_gmt":"2024-12-01T21:44:49","guid":{"rendered":"https:\/\/247stiri.ro\/index.php\/2024\/12\/01\/masina-a-politiei-implicata-intr-un-accident-la-constanta-2-politisti-si-un-alt-sofer-au-fost-raniti\/"},"modified":"2024-12-01T21:44:49","modified_gmt":"2024-12-01T21:44:49","slug":"masina-a-politiei-implicata-intr-un-accident-la-constanta-2-politisti-si-un-alt-sofer-au-fost-raniti","status":"publish","type":"post","link":"https:\/\/247stiri.ro\/index.php\/2024\/12\/01\/masina-a-politiei-implicata-intr-un-accident-la-constanta-2-politisti-si-un-alt-sofer-au-fost-raniti\/","title":{"rendered":"Ma\u0219in\u0103 a poli\u021biei, implicat\u0103 \u00eentr-un accident la Constan\u021ba. 2 poli\u021bi\u0219ti \u015fi un alt \u015fofer au fost r\u0103ni\u0163i"},"content":{"rendered":"<p class=\"selectable-text copyable-text x15bjb6t x1n2onr6\">\u201dDin primele cercet\u0103ri a rezultat faptul c\u0103 evenimentul rutier s-ar fi produs pe fondul neacord\u0103rii de prioritate, respectiv nerespectarea semnfica\u0163iei indicatorului \u00abOprire\u00bb de c\u0103tre conduc\u0103torul unei autospeciale de poli\u0163ie aflate \u00een misiune.<\/p>\n<p class=\"selectable-text copyable-text x15bjb6t x1n2onr6\">Men\u0163ion\u0103m c\u0103 autospeciala de poli\u0163ie a intrat \u00een coliziune cu un alt autovehicul, rezult\u00e2nd v\u0103t\u0103marea corporal\u0103 u\u015foar\u0103 a celor doi poli\u0163i\u015fti \u015fi a conduc\u0103torului autoutilitarei, care au fost transporta\u0163i la spital pentru acordarea de \u00eengijiri medicale\u201d, au afirmat poli\u0163i\u015ftii.<\/p>\n<p class=\"selectable-text copyable-text x15bjb6t x1n2onr6\">Ambii conduc\u0103torii au fost testa\u0163i cu aparatul etilotest, rezultatele fiind negative.<\/p>\n<p class=\"selectable-text copyable-text x15bjb6t x1n2onr6\">Poli\u0163i\u015ftii continu\u0103 cercet\u0103rile pentru stabilirea cu exactitate a \u00eemprejur\u0103rilor \u00een care s-a produs accidentul rutier.<\/p>","protected":false},"excerpt":{"rendered":"<p>\u201dDin primele cercet\u0103ri a rezultat faptul c\u0103 evenimentul rutier s-ar fi produs pe fondul neacord\u0103rii&hellip;<\/p>\n","protected":false},"author":0,"featured_media":12751,"comment_status":"open","ping_status":"open","sticky":false,"template":"","format":"standard","meta":{"footnotes":""},"categories":[2],"tags":[],"class_list":["post-12750","post","type-post","status-publish","format-standard","has-post-thumbnail","hentry","category-actual"],"_links":{"self":[{"href":"https:\/\/247stiri.ro\/index.php\/wp-json\/wp\/v2\/posts\/12750","targetHints":{"allow":["GET"]}}],"collection":[{"href":"https:\/\/247stiri.ro\/index.php\/wp-json\/wp\/v2\/posts"}],"about":[{"href":"https:\/\/247stiri.ro\/index.php\/wp-json\/wp\/v2\/types\/post"}],"replies":[{"embeddable":true,"href":"https:\/\/247stiri.ro\/index.php\/wp-json\/wp\/v2\/comments?post=12750"}],"version-history":[{"count":0,"href":"https:\/\/247stiri.ro\/index.php\/wp-json\/wp\/v2\/posts\/12750\/revisions"}],"wp:featuredmedia":[{"embeddable":true,"href":"https:\/\/247stiri.ro\/index.php\/wp-json\/wp\/v2\/media\/12751"}],"wp:attachment":[{"href":"https:\/\/247stiri.ro\/index.php\/wp-json\/wp\/v2\/media?parent=12750"}],"wp:term":[{"taxonomy":"category","embeddable":true,"href":"https:\/\/247stiri.ro\/index.php\/wp-json\/wp\/v2\/categories?post=12750"},{"taxonomy":"post_tag","embeddable":true,"href":"https:\/\/247stiri.ro\/index.php\/wp-json\/wp\/v2\/tags?post=12750"}],"curies":[{"name":"wp","href":"https:\/\/api.w.org\/{rel}","templated":true}]}}