{"id":12754,"date":"2024-12-01T21:44:49","date_gmt":"2024-12-01T21:44:49","guid":{"rendered":"https:\/\/247stiri.ro\/index.php\/2024\/12\/01\/parada-de-1-decembrie-2024-vedeta-evenimentului-din-acest-an-i-a-incantat-pe-romani\/"},"modified":"2024-12-01T21:44:49","modified_gmt":"2024-12-01T21:44:49","slug":"parada-de-1-decembrie-2024-vedeta-evenimentului-din-acest-an-i-a-incantat-pe-romani","status":"publish","type":"post","link":"https:\/\/247stiri.ro\/index.php\/2024\/12\/01\/parada-de-1-decembrie-2024-vedeta-evenimentului-din-acest-an-i-a-incantat-pe-romani\/","title":{"rendered":"Parada de 1 Decembrie 2024: vedeta evenimentului din acest an i-a \u00eenc\u00e2ntat pe rom\u00e2ni"},"content":{"rendered":"<p>Vedeta paradei: Drona Bayraktar TB2<\/p>\n<p>Un punct de <a href=\"https:\/\/www.realitatea.net\/stiri\/actual\/ce-a-patit-un-roman-care-a-pilotat-o-drona-in-timpul-paradei-militare-de-la-alba-iulia-jandarmii-iau-stricat-mica-distractie_674cae52d8ab18566368d0c3\" target=\"_blank\">atrac\u021bie deosebit al paradei<\/a> din acest an a fost prezentarea uneia dintre dronele Bayraktar TB2, achizi\u021bionate recent de Rom\u00e2nia. Aceasta a survolat zona dintre Casa Presei Libere \u0219i Parcul Her\u0103str\u0103u la o altitudine de 1.500 de metri, capt\u00e2nd aten\u021bia publicului. Pentru prima dat\u0103, imaginile transmise de dron\u0103 au fost difuzate \u00een timp real pe ecranele amplasate de-a lungul traseului paradei.<\/p>\n<p>Ministerul Ap\u0103r\u0103rii Na\u021bionale (MApN) a subliniat importan\u021ba acestei achizi\u021bii, parte a eforturilor de modernizare a Armatei Rom\u00e2niei. \u201e\u00cenzestrarea cu tehnic\u0103 militar\u0103 modern\u0103, interoperabil\u0103 cu cea a statelor membre NATO, \u0219i echiparea militarilor cu uniforme adaptate cerin\u021belor c\u00e2mpului de lupt\u0103 contemporan reprezint\u0103 priorit\u0103\u021bi majore pentru Statul Major al Ap\u0103r\u0103rii,\u201d a transmis MApN.<\/p>\n<p>Un spectacol aerian impresionant \u0219i defilare interna\u021bional\u0103<\/p>\n<p><a href=\"https:\/\/www.realitatea.net\/stiri\/actual\/ce-dispozitive-militare-vor-defila-la-parada-de-1-decembrie-sute-de-blindate-si-aeronave-vor-bucura-ochii-romanilor_674c1acbb368be333c6411d2\" target=\"_blank\">Parada a inclus demonstra\u021bii aeriene<\/a> \u0219i defilarea a 190 de vehicule militare, al\u0103turi de 45 de aeronave. \u00cen plus, al\u0103turi de militarii rom\u00e2ni au participat trupe din mai multe \u021b\u0103ri aliate, simboliz\u00e2nd solidaritatea \u00een cadrul NATO.<\/p>\n<p>\u00cen inima simbolic\u0103 a unirii, la Alba Iulia, festivit\u0103\u021bile au debutat \u00eenc\u0103 din 30 noiembrie, cu tradi\u021bionala Parad\u0103 a Portului Popular. Ziua Na\u021bional\u0103 a fost marcat\u0103 de mai multe evenimente-cheie:<\/p>\n<p>Ora 10:00 \u2013 Parada militar\u0103 a debutat cu participarea unit\u0103\u021bilor de elit\u0103 ale Armatei Rom\u00e2niei.Ora 11:00 \u2013 Reconstituirea istoric\u0103 a momentelor Marii Uniri din 1918.Ora 14:00 \u2013 O nou\u0103 defilare militar\u0103.Ora 17:30 \u2013 Retragerea cu tor\u021be, un moment emo\u021bionant care a \u00eencheiat s\u0103rb\u0103toarea.<\/p>\n<p>Parada de 1 Decembrie 2024 a fost o ocazie de reafirmare a valorilor na\u021bionale, a solidarit\u0103\u021bii interna\u021bionale \u0219i a progresului tehnologic.\u00a0<\/p>\n<p>\u00a0<\/p>\n<p>\u00a0<\/p>","protected":false},"excerpt":{"rendered":"<p>Vedeta paradei: Drona Bayraktar TB2 Un punct de atrac\u021bie deosebit al paradei din acest an&hellip;<\/p>\n","protected":false},"author":0,"featured_media":12755,"comment_status":"open","ping_status":"open","sticky":false,"template":"","format":"standard","meta":{"footnotes":""},"categories":[2],"tags":[],"class_list":["post-12754","post","type-post","status-publish","format-standard","has-post-thumbnail","hentry","category-actual"],"_links":{"self":[{"href":"https:\/\/247stiri.ro\/index.php\/wp-json\/wp\/v2\/posts\/12754","targetHints":{"allow":["GET"]}}],"collection":[{"href":"https:\/\/247stiri.ro\/index.php\/wp-json\/wp\/v2\/posts"}],"about":[{"href":"https:\/\/247stiri.ro\/index.php\/wp-json\/wp\/v2\/types\/post"}],"replies":[{"embeddable":true,"href":"https:\/\/247stiri.ro\/index.php\/wp-json\/wp\/v2\/comments?post=12754"}],"version-history":[{"count":0,"href":"https:\/\/247stiri.ro\/index.php\/wp-json\/wp\/v2\/posts\/12754\/revisions"}],"wp:featuredmedia":[{"embeddable":true,"href":"https:\/\/247stiri.ro\/index.php\/wp-json\/wp\/v2\/media\/12755"}],"wp:attachment":[{"href":"https:\/\/247stiri.ro\/index.php\/wp-json\/wp\/v2\/media?parent=12754"}],"wp:term":[{"taxonomy":"category","embeddable":true,"href":"https:\/\/247stiri.ro\/index.php\/wp-json\/wp\/v2\/categories?post=12754"},{"taxonomy":"post_tag","embeddable":true,"href":"https:\/\/247stiri.ro\/index.php\/wp-json\/wp\/v2\/tags?post=12754"}],"curies":[{"name":"wp","href":"https:\/\/api.w.org\/{rel}","templated":true}]}}